{"id":98776,"date":"2023-03-29T14:16:17","date_gmt":"2023-03-29T17:16:17","guid":{"rendered":"https:\/\/primicias2262.com\/?p=98776"},"modified":"2023-03-29T14:16:17","modified_gmt":"2023-03-29T17:16:17","slug":"actos-en-necochea-y-quequen-el-fin-de-semana-para-conmemorar-el-41o-aniversario-de-malvinas","status":"publish","type":"post","link":"https:\/\/primicias2262.com\/noticias\/actos-en-necochea-y-quequen-el-fin-de-semana-para-conmemorar-el-41o-aniversario-de-malvinas\/","title":{"rendered":"Actos en Necochea y Quequ\u00e9n el fin de semana para conmemorar el 41\u00ba aniversario de Malvinas"},"content":{"rendered":"<p><strong>El homenaje a veteranos y ca\u00eddos en la guerra de 1982 comenzar\u00e1 con una vigilia en la noche del s\u00e1bado 1\u00ba de abril y el domingo habr\u00e1 ceremonias en los monumentos de Necochea y Quequ\u00e9n.<\/strong><\/p>\n<p><strong>El Departamento Ejecutivo municipal, a trav\u00e9s del intendente Arturo Rojas, invita a la comunidad de Necochea y Quequ\u00e9n a participar de los actos de conmemoraci\u00f3n durante el venidero fin de semana por el cumplimiento de los 41 a\u00f1os de la Gesta de Malvinas.<\/strong><\/p>\n<p>El homenaje a los excombatientes comenzar\u00e1 el s\u00e1bado 1\u00ba de abril cerca de la medianoche, precisamente a las 23.45 con una vigilia en el monumento a la Gesta de Malvinas de Quequ\u00e9n, donde se esperar\u00e1 la llegada del 2 de abril, d\u00eda en que se cumplen 41 a\u00f1os de tal hecho y se conmemora el D\u00eda del Veterano y de los Ca\u00eddos en la Guerra de Malvinas.<\/p>\n<p>Ese domingo por la ma\u00f1ana ser\u00e1 la segunda parte de la conmemoraci\u00f3n, con la colocaci\u00f3n de \u00a0ofrendas florales primeramente a partir de las 10 en el monumento de 56 y 59, y posteriormente con el Acto Oficial desde las 10.45 nuevamente al pie de la gran obra inaugurada en 1999, situada en 520 y Av. Almirante Brown.<\/p>\n<p><a href=\"https:\/\/primicias2262.com\/wp-content\/uploads\/2022\/04\/Malvinas.jpeg\"><img loading=\"lazy\" decoding=\"async\" class=\"aligncenter size-full wp-image-88589\" src=\"https:\/\/primicias2262.com\/wp-content\/uploads\/2022\/04\/Malvinas.jpeg\" alt=\"\" width=\"1280\" height=\"853\" \/><\/a><\/p>\n<p>&nbsp;<\/p>\n","protected":false},"excerpt":{"rendered":"<p>El homenaje a veteranos y ca\u00eddos en la guerra de 1982 comenzar\u00e1 con una vigilia en la noche del s\u00e1bado 1\u00ba de abril y el domingo habr\u00e1 ceremonias en los monumentos de Necochea y Quequ\u00e9n. El Departamento Ejecutivo municipal, a trav\u00e9s del intendente Arturo Rojas, invita a la comunidad de Necochea y Quequ\u00e9n a participar [&hellip;]<\/p>\n","protected":false},"author":3,"featured_media":98777,"comment_status":"closed","ping_status":"closed","sticky":false,"template":"","format":"standard","meta":{"footnotes":""},"categories":[3],"tags":[],"class_list":["post-98776","post","type-post","status-publish","format-standard","has-post-thumbnail","category-masnoticias"],"_links":{"self":[{"href":"https:\/\/primicias2262.com\/noticias\/wp-json\/wp\/v2\/posts\/98776","targetHints":{"allow":["GET"]}}],"collection":[{"href":"https:\/\/primicias2262.com\/noticias\/wp-json\/wp\/v2\/posts"}],"about":[{"href":"https:\/\/primicias2262.com\/noticias\/wp-json\/wp\/v2\/types\/post"}],"author":[{"embeddable":true,"href":"https:\/\/primicias2262.com\/noticias\/wp-json\/wp\/v2\/users\/3"}],"replies":[{"embeddable":true,"href":"https:\/\/primicias2262.com\/noticias\/wp-json\/wp\/v2\/comments?post=98776"}],"version-history":[{"count":0,"href":"https:\/\/primicias2262.com\/noticias\/wp-json\/wp\/v2\/posts\/98776\/revisions"}],"wp:attachment":[{"href":"https:\/\/primicias2262.com\/noticias\/wp-json\/wp\/v2\/media?parent=98776"}],"wp:term":[{"taxonomy":"category","embeddable":true,"href":"https:\/\/primicias2262.com\/noticias\/wp-json\/wp\/v2\/categories?post=98776"},{"taxonomy":"post_tag","embeddable":true,"href":"https:\/\/primicias2262.com\/noticias\/wp-json\/wp\/v2\/tags?post=98776"}],"curies":[{"name":"wp","href":"https:\/\/api.w.org\/{rel}","templated":true}]}}