{"id":98780,"date":"2023-03-29T14:18:51","date_gmt":"2023-03-29T17:18:51","guid":{"rendered":"https:\/\/primicias2262.com\/?p=98780"},"modified":"2023-03-29T14:18:51","modified_gmt":"2023-03-29T17:18:51","slug":"el-nadador-nicolas-amendola-logro-dos-medallas-de-plata-en-el-americano-tri-21","status":"publish","type":"post","link":"https:\/\/primicias2262.com\/noticias\/el-nadador-nicolas-amendola-logro-dos-medallas-de-plata-en-el-americano-tri-21\/","title":{"rendered":"El nadador Nicol\u00e1s Am\u00e9ndola logr\u00f3 dos medallas de plata en el Americano Tri 21"},"content":{"rendered":"<p><strong>En una nueva experiencia internacional para su vida, el nadador de la Escuela Municipal de Nataci\u00f3n Adaptada \u201cTodos al Agua\u201d y de la Selecci\u00f3n Argentina con Sindrome de Down, Nicol\u00e1s Am\u00e9ndola, logr\u00f3 dos medallas de plata durante su participaci\u00f3n en el Campeonato Americano Tri 21 desarrollado en el Cenard de Buenos Aires.<\/strong><\/p>\n<p>El entrenado por el Prof. Marcos Bertone fue subcampe\u00f3n en la prueba de 50 metros libres y en la posta 4\u00d750 metros combinados. A prop\u00f3sito de Bertone, el coordinador de \u201cTodos al Agua\u201d asisti\u00f3 una vez m\u00e1s como parte del equipo t\u00e9cnico de la Selecci\u00f3n. Tanto el entrenador como el alumno fueron convocados por la FADASD (Federaci\u00f3n Argentina de Deportes para Atletas con S\u00edndrome de Down).<\/p>\n<p>De regreso en Necochea tras la muy buena representaci\u00f3n, desde la Direcci\u00f3n de Deportes que tiene bajo su responsabilidad a la Escuela Municipal de Nataci\u00f3n Adaptada, Guadalupe Hern\u00e1ndez valor\u00f3 que \u201cestamos muy contentos por la participaci\u00f3n de Nicol\u00e1s en Buenos Aires y con los resultados que obtuvo\u201d, y asegur\u00f3 que \u201csiempre estamos trabajando para aportar cada vez m\u00e1s nadadores en este tipo de competencias\u201d, de hecho, \u201cfue alt\u00edsima la demanda a Todos al Agua este a\u00f1o, con m\u00e1s de 80 anotados el primer d\u00eda de inscripci\u00f3n y tratando de dar respuesta a todas las solicitudes\u201d.<\/p>\n<p><a href=\"https:\/\/primicias2262.com\/wp-content\/uploads\/2023\/03\/28-03-FOTO-podio-Amendola-Tri21.jpeg\"><img loading=\"lazy\" decoding=\"async\" class=\"alignleft size-medium wp-image-98783\" src=\"https:\/\/primicias2262.com\/wp-content\/uploads\/2023\/03\/28-03-FOTO-podio-Amendola-Tri21-225x300.jpeg\" alt=\"\" width=\"225\" height=\"300\" \/><\/a>Por su parte, Bertone reflej\u00f3 que fue una semana intensa en la parte competitiva y fuera de la pileta, pero asegur\u00f3 sentirse feliz y orgulloso: \u201cEsto muy contento con los resultados de Nicol\u00e1s pese a que su \u00faltima etapa de preparaci\u00f3n no pudo culminar de la mejor manera por una cuesti\u00f3n de salud que ocurri\u00f3 tres semanas antes y tuvo que faltar a los entrenamientos, as\u00ed que nos quedaron las \u00faltimas dos semanas como puesta a punto pero al momento de competir Nicol\u00e1s dio lo mejor\u201d.<\/p>\n<p>Si bien no pudo bajar sus marcas que hab\u00eda mejorado hac\u00eda unas semanas atr\u00e1s, \u201cigualmente Nico termin\u00f3 en los 50 metros libres, que es en la que \u00e9l m\u00e1s c\u00f3modo se siente, con una medalla de plata a solo 13 cent\u00e9simas del oro\u201d, resalt\u00f3 el profesor, as\u00ed que \u201cestamos muy felices y eso nos posiciona para apuntar a nuevos desaf\u00edos m\u00e1s adelante con la Selecci\u00f3n Argentina de S\u00edndrome de Down\u201d.<\/p>\n","protected":false},"excerpt":{"rendered":"<p>En una nueva experiencia internacional para su vida, el nadador de la Escuela Municipal de Nataci\u00f3n Adaptada \u201cTodos al Agua\u201d y de la Selecci\u00f3n Argentina con Sindrome de Down, Nicol\u00e1s Am\u00e9ndola, logr\u00f3 dos medallas de plata durante su participaci\u00f3n en el Campeonato Americano Tri 21 desarrollado en el Cenard de Buenos Aires. El entrenado por [&hellip;]<\/p>\n","protected":false},"author":3,"featured_media":98782,"comment_status":"closed","ping_status":"closed","sticky":false,"template":"","format":"standard","meta":{"footnotes":""},"categories":[3],"tags":[],"class_list":["post-98780","post","type-post","status-publish","format-standard","has-post-thumbnail","category-masnoticias"],"_links":{"self":[{"href":"https:\/\/primicias2262.com\/noticias\/wp-json\/wp\/v2\/posts\/98780","targetHints":{"allow":["GET"]}}],"collection":[{"href":"https:\/\/primicias2262.com\/noticias\/wp-json\/wp\/v2\/posts"}],"about":[{"href":"https:\/\/primicias2262.com\/noticias\/wp-json\/wp\/v2\/types\/post"}],"author":[{"embeddable":true,"href":"https:\/\/primicias2262.com\/noticias\/wp-json\/wp\/v2\/users\/3"}],"replies":[{"embeddable":true,"href":"https:\/\/primicias2262.com\/noticias\/wp-json\/wp\/v2\/comments?post=98780"}],"version-history":[{"count":0,"href":"https:\/\/primicias2262.com\/noticias\/wp-json\/wp\/v2\/posts\/98780\/revisions"}],"wp:attachment":[{"href":"https:\/\/primicias2262.com\/noticias\/wp-json\/wp\/v2\/media?parent=98780"}],"wp:term":[{"taxonomy":"category","embeddable":true,"href":"https:\/\/primicias2262.com\/noticias\/wp-json\/wp\/v2\/categories?post=98780"},{"taxonomy":"post_tag","embeddable":true,"href":"https:\/\/primicias2262.com\/noticias\/wp-json\/wp\/v2\/tags?post=98780"}],"curies":[{"name":"wp","href":"https:\/\/api.w.org\/{rel}","templated":true}]}}