{"id":98806,"date":"2023-03-30T10:07:54","date_gmt":"2023-03-30T13:07:54","guid":{"rendered":"https:\/\/primicias2262.com\/?p=98806"},"modified":"2023-03-30T10:07:54","modified_gmt":"2023-03-30T13:07:54","slug":"del-seno-de-una-familia-a-la-ciudad-y-la-zona-astesano-informatica-festejo-30-anos-de-actividad-comercial","status":"publish","type":"post","link":"https:\/\/primicias2262.com\/noticias\/del-seno-de-una-familia-a-la-ciudad-y-la-zona-astesano-informatica-festejo-30-anos-de-actividad-comercial\/","title":{"rendered":"Del seno de una familia a la ciudad y la zona: Astesano Inform\u00e1tica festej\u00f3 30 a\u00f1os de actividad comercial"},"content":{"rendered":"<p><strong>Lo que empez\u00f3 como un emprendimiento familiar encabezado por Alfredo Astesano con cursos de computaci\u00f3n, hoy es un ejemplo de desarrollo local. La firma se fue expandiendo a lo largo del tiempo y al cumplir tres d\u00e9cadas de vida se desarrolla con el tendido de fibra \u00f3ptica, la continuidad de los hijos de Alfredo y m\u00e1s de 50 trabajadores. Por ello, armaron una gran fiesta en Chez Guegnon que cont\u00f3 con el acompa\u00f1amiento del intendente Arturo Rojas y parte de su equipo.<\/strong><\/p>\n<p>La velada del jueves 23 sirvi\u00f3 para festejar los 30 a\u00f1os de una empresa familiar que se desarrolla al 100% con capital local, como es Astesano Inform\u00e1tica. Entre cena, baile, entrega de reconocimientos y premios la celebraci\u00f3n alcanz\u00f3 la madrugada del viernes 24, y bien que val\u00eda la pena.<\/p>\n<figure id=\"attachment_98808\" aria-describedby=\"caption-attachment-98808\" style=\"width: 1024px\" class=\"wp-caption aligncenter\"><a href=\"https:\/\/primicias2262.com\/wp-content\/uploads\/2023\/03\/astesano-30-anos-familia.jpeg\"><img loading=\"lazy\" decoding=\"async\" class=\"size-full wp-image-98808\" src=\"https:\/\/primicias2262.com\/wp-content\/uploads\/2023\/03\/astesano-30-anos-familia.jpeg\" alt=\"\" width=\"1024\" height=\"684\" \/><\/a><figcaption id=\"caption-attachment-98808\" class=\"wp-caption-text\">Familia Astesano.<\/figcaption><\/figure>\n<p>En el lugar estuvo presente el periodista N\u00e9stor Ferreyra para Agenda Necochense, quien capt\u00f3 los testimonios a flor de piel de padre e hijo, Alfredo y Pablo Astesano, como as\u00ed las palabras del intendente Arturo Rojas.<\/p>\n<p>En primer t\u00e9rmino, el padre de la criatura, Alfredo, manifest\u00f3 que \u201ctengo una gran emoci\u00f3n por estos 30 a\u00f1os de idas y venidas, de buenas y malas, pero siempre hemos estado intentando traer a la ciudad y la regi\u00f3n los avances tecnol\u00f3gicos que nos permiten estar a la altura de grandes urbes\u201d.<\/p>\n<p>\u201cCreo que cuando empezamos a hacer un balance de todo esto, es un balance muy satisfactorio, estamos con la \u00faltima tecnolog\u00eda y seguimos invirtiendo\u2026 mi empresa es una familia, desde mis hijos hasta mi esposa y todos los integrantes que me dan el impulso para seguir, aunque yo ya estoy para el descanso\u201d, reflexion\u00f3 Alfredo a coraz\u00f3n abierto, para declarar orgulloso que \u201cse recordaron un mont\u00f3n de cosas, de las cuales en muchas fuimos pioneros\u201d.<\/p>\n<p><a href=\"https:\/\/primicias2262.com\/wp-content\/uploads\/2023\/03\/astesano-30-anos-brindis.jpeg\"><img loading=\"lazy\" decoding=\"async\" class=\"aligncenter size-full wp-image-98807\" src=\"https:\/\/primicias2262.com\/wp-content\/uploads\/2023\/03\/astesano-30-anos-brindis.jpeg\" alt=\"\" width=\"1024\" height=\"684\" \/><\/a>Seguidamente habl\u00f3 quien hoy es uno de los que lleva las riendas con nuevos rumbos para la empresa, su hijo Pablo, al aseverar que \u201cest\u00e1bamos esperando este festejo hace mucho tiempo, nos enorgullece la gente que nos acompa\u00f1a desde hace 30 a\u00f1os en la continuaci\u00f3n de una empresa familiar que inici\u00f3 pap\u00e1 con cursos de computaci\u00f3n, y hoy con la continuidad de air fibra, la fibra \u00f3ptica de Necochea\u2026 creo que estamos devolvi\u00e9ndole un poco a la ciudad todo lo que nos ha dado durante 30 a\u00f1os\u201d.<\/p>\n<p>Precisamente Agenda Necocheanse y la plataforma Woplay son resultantes directas del desarrollo de la fibra \u00edoptica en la ciudad. Al respecto, Pablo Astesano enfatiz\u00f3 que \u201cme enorgullece Air fibra, si bien los tendidos de fibra no son tan populares en otros distritos, aqu\u00ed en Necochea el tendido se hace 100% con capital local y mano de obra local, y hoy la empresa de forma directa o indirecta cuenta con cerca de 50 personas en el equipo de trabajo\u201d, para incluir que \u201cla fibra viene muy fuerte con Woplay y Agenda Necochense, que viene creciendo cada vez m\u00e1s\u2026 es un lindo proyecto, nosotros somos el barco y entre todos estamos logrando algo que sin la ayuda de todos hubiera sido imposible\u201d.<\/p>\n<p><a href=\"https:\/\/primicias2262.com\/wp-content\/uploads\/2023\/03\/astesano-30-anos-torta.jpeg\"><img loading=\"lazy\" decoding=\"async\" class=\"aligncenter size-full wp-image-98810\" src=\"https:\/\/primicias2262.com\/wp-content\/uploads\/2023\/03\/astesano-30-anos-torta.jpeg\" alt=\"\" width=\"1024\" height=\"684\" \/><\/a>De hecho, para el corto plazo vision\u00f3 que \u201cen este 2023 queremos seguir desarroll\u00e1ndonos con fibra \u00f3ptica y entre los proyectos pretendemos cablear La Dulce. Hoy tenemos un 70% de Necochea cubierta y estamos dando servicio tambi\u00e9n en Lober\u00eda\u201d.<\/p>\n<p>A su tiempo, el intendente del distrito de Necochea, Arturo Rojas, recalc\u00f3 que \u201cse cumplen nada m\u00e1s ni nada menos que 30 a\u00f1os para una empresa con una profunda identidad local, una empresa pionera con visi\u00f3n e innovaci\u00f3n\u2026 y familiar, porque en el a\u00f1o \u201893 empez\u00f3 entre familia con mucho trabajo y visi\u00f3n de futuro, y hoy brinda un enorme servicio que no solo tiene que ver con comunicaciones, sino que tambi\u00e9n hay que resaltar el compromiso social que tienen con el hecho de poder ir llegando con tendido a todos los barrios\u201d.<\/p>\n<p><a href=\"https:\/\/primicias2262.com\/wp-content\/uploads\/2023\/03\/astesano-30-anos-Rojas.jpeg\"><img loading=\"lazy\" decoding=\"async\" class=\"alignleft size-medium wp-image-98809\" src=\"https:\/\/primicias2262.com\/wp-content\/uploads\/2023\/03\/astesano-30-anos-Rojas-217x300.jpeg\" alt=\"\" width=\"217\" height=\"300\" \/><\/a>Rojas sigui\u00f3 elogiando a la firma y record\u00f3 cuando pudo recibirse como abogado gracias al proyecto educativo desarrollado por la misma: \u201cEsto permite el desarrollo de la educaci\u00f3n, algo fundamental en la \u00e9poca que vivimos, y que ha permitido acercar carreras, como en mi caso que fui uno de los alumnos que logr\u00f3 terminar el \u00faltimo a\u00f1o en la UCASAL, y poder recibirme en mi ciudad como tantos otros compa\u00f1eros que no pod\u00edamos viajar y nos brindaron la posibilidad de recibirnos aqu\u00ed, as\u00ed que es un honor como intendente hoy acompa\u00f1arlos y apoyarlos en sus proyectos, es una empresa que genera trabajo genuino y eso es fundamental porque traza una l\u00ednea de trabajo que va en l\u00ednea con lo que queremos desde el municipio: que la educaci\u00f3n siente las bases para el desarrollo local y que podamos trabajar de manera regional\u201d.<\/p>\n<p>Durante la velada especial de Astesano Inform\u00e1tica, el Intendente estuvo acompa\u00f1ado por el presidente del Concejo Deliberante, Guillermo S\u00e1nchez; los secretarios Jorge Mart\u00ednez, y Sandra Antenucci; y Ernesto Povilaitis de Legal y T\u00e9cnica. Adem\u00e1s, el festejo del \u201chijo\u201d menor de los Astesano \u00a0cont\u00f3 con la presencia de empresarios de la ciudad y trabajadores de la empresa.<\/p>\n","protected":false},"excerpt":{"rendered":"<p>Lo que empez\u00f3 como un emprendimiento familiar encabezado por Alfredo Astesano con cursos de computaci\u00f3n, hoy es un ejemplo de desarrollo local. La firma se fue expandiendo a lo largo del tiempo y al cumplir tres d\u00e9cadas de vida se desarrolla con el tendido de fibra \u00f3ptica, la continuidad de los hijos de Alfredo y [&hellip;]<\/p>\n","protected":false},"author":3,"featured_media":98811,"comment_status":"closed","ping_status":"closed","sticky":false,"template":"","format":"standard","meta":{"footnotes":""},"categories":[3],"tags":[],"class_list":["post-98806","post","type-post","status-publish","format-standard","has-post-thumbnail","category-masnoticias"],"_links":{"self":[{"href":"https:\/\/primicias2262.com\/noticias\/wp-json\/wp\/v2\/posts\/98806","targetHints":{"allow":["GET"]}}],"collection":[{"href":"https:\/\/primicias2262.com\/noticias\/wp-json\/wp\/v2\/posts"}],"about":[{"href":"https:\/\/primicias2262.com\/noticias\/wp-json\/wp\/v2\/types\/post"}],"author":[{"embeddable":true,"href":"https:\/\/primicias2262.com\/noticias\/wp-json\/wp\/v2\/users\/3"}],"replies":[{"embeddable":true,"href":"https:\/\/primicias2262.com\/noticias\/wp-json\/wp\/v2\/comments?post=98806"}],"version-history":[{"count":0,"href":"https:\/\/primicias2262.com\/noticias\/wp-json\/wp\/v2\/posts\/98806\/revisions"}],"wp:attachment":[{"href":"https:\/\/primicias2262.com\/noticias\/wp-json\/wp\/v2\/media?parent=98806"}],"wp:term":[{"taxonomy":"category","embeddable":true,"href":"https:\/\/primicias2262.com\/noticias\/wp-json\/wp\/v2\/categories?post=98806"},{"taxonomy":"post_tag","embeddable":true,"href":"https:\/\/primicias2262.com\/noticias\/wp-json\/wp\/v2\/tags?post=98806"}],"curies":[{"name":"wp","href":"https:\/\/api.w.org\/{rel}","templated":true}]}}