{"id":98823,"date":"2023-03-30T10:43:50","date_gmt":"2023-03-30T13:43:50","guid":{"rendered":"https:\/\/primicias2262.com\/?p=98823"},"modified":"2023-03-30T10:43:50","modified_gmt":"2023-03-30T13:43:50","slug":"este-viernes-vuelven-los-boleros-al-centro-cultural-con-negro-falotico","status":"publish","type":"post","link":"https:\/\/primicias2262.com\/noticias\/este-viernes-vuelven-los-boleros-al-centro-cultural-con-negro-falotico\/","title":{"rendered":"Este viernes vuelven los boleros al Centro Cultural con Negro Fal\u00f3tico"},"content":{"rendered":"<p><strong>Ser\u00e1 a partir de las 21 horas en el programa 100 x 100 + Cultura.<\/strong><\/p>\n<p>El Centro Cultural Necochea Biblioteca Popular Andr\u00e9s Ferreyra (CCN\/BPAF) invita a la comunidad a disfrutar de \u201cBoleros\u201d con Negro Fal\u00f3tico, en el marco del programa 100 x 100 + Cultura.<\/p>\n<p>El cantante se presentar\u00e1 este viernes 31 de marzo, a las 21:00 horas junto a Mat\u00edas \u00c1lvarez (piano, arreglos y direcci\u00f3n), Augusto Argara\u00f1az (bater\u00eda), Agust\u00edn Marquesano (bajo) y Nicol\u00e1s Perrone (bandone\u00f3n).<\/p>\n<p>Desde sus inicios, el cantante se caracteriza por su sutileza a la hora de elegir el repertorio, interpretando obras cl\u00e1sicas, recreando a compositores y autores actuales. Canciones como\u00a0La Puerta, Usted, Reg\u00e1lame esta noche, Contigo en la distancia, y autores y compositores como Chico Novarro, Armando Manzanero o Consuelo Vel\u00e1zquez formar\u00e1n parte de la presentaci\u00f3n de este viernes en el auditorio.<\/p>\n<p>Cabe recordar que \u201cBoleros\u201d es un disco homenaje a los grandes del g\u00e9nero, emblema de la m\u00fasica rom\u00e1ntica, y fue nominado a los premios Gardel en la categor\u00eda mejor alb\u00fam artista rom\u00e1ntico mel\u00f3dico.<\/p>\n<p><a href=\"https:\/\/primicias2262.com\/wp-content\/uploads\/2023\/03\/FALOTICO_1.jpg\"><img loading=\"lazy\" decoding=\"async\" class=\"aligncenter size-full wp-image-98825\" src=\"https:\/\/primicias2262.com\/wp-content\/uploads\/2023\/03\/FALOTICO_1.jpg\" alt=\"\" width=\"442\" height=\"625\" \/><\/a><strong>Entradas: Socios: 1500$ \/ No socios: 2000$. Venta en puerta desde las 20:30 horas.<\/strong><\/p>\n","protected":false},"excerpt":{"rendered":"<p>Ser\u00e1 a partir de las 21 horas en el programa 100 x 100 + Cultura. El Centro Cultural Necochea Biblioteca Popular Andr\u00e9s Ferreyra (CCN\/BPAF) invita a la comunidad a disfrutar de \u201cBoleros\u201d con Negro Fal\u00f3tico, en el marco del programa 100 x 100 + Cultura. El cantante se presentar\u00e1 este viernes 31 de marzo, a [&hellip;]<\/p>\n","protected":false},"author":3,"featured_media":98824,"comment_status":"closed","ping_status":"closed","sticky":false,"template":"","format":"standard","meta":{"footnotes":""},"categories":[3],"tags":[],"class_list":["post-98823","post","type-post","status-publish","format-standard","has-post-thumbnail","category-masnoticias"],"_links":{"self":[{"href":"https:\/\/primicias2262.com\/noticias\/wp-json\/wp\/v2\/posts\/98823","targetHints":{"allow":["GET"]}}],"collection":[{"href":"https:\/\/primicias2262.com\/noticias\/wp-json\/wp\/v2\/posts"}],"about":[{"href":"https:\/\/primicias2262.com\/noticias\/wp-json\/wp\/v2\/types\/post"}],"author":[{"embeddable":true,"href":"https:\/\/primicias2262.com\/noticias\/wp-json\/wp\/v2\/users\/3"}],"replies":[{"embeddable":true,"href":"https:\/\/primicias2262.com\/noticias\/wp-json\/wp\/v2\/comments?post=98823"}],"version-history":[{"count":0,"href":"https:\/\/primicias2262.com\/noticias\/wp-json\/wp\/v2\/posts\/98823\/revisions"}],"wp:attachment":[{"href":"https:\/\/primicias2262.com\/noticias\/wp-json\/wp\/v2\/media?parent=98823"}],"wp:term":[{"taxonomy":"category","embeddable":true,"href":"https:\/\/primicias2262.com\/noticias\/wp-json\/wp\/v2\/categories?post=98823"},{"taxonomy":"post_tag","embeddable":true,"href":"https:\/\/primicias2262.com\/noticias\/wp-json\/wp\/v2\/tags?post=98823"}],"curies":[{"name":"wp","href":"https:\/\/api.w.org\/{rel}","templated":true}]}}