{"id":98838,"date":"2023-03-30T11:33:54","date_gmt":"2023-03-30T14:33:54","guid":{"rendered":"https:\/\/primicias2262.com\/?p=98838"},"modified":"2023-03-30T11:33:54","modified_gmt":"2023-03-30T14:33:54","slug":"tiene-a-su-cargo-las-calesitas-con-los-chicos-del-taller-protegido-y-asegura-que-ama-lo-que-hace","status":"publish","type":"post","link":"https:\/\/primicias2262.com\/noticias\/tiene-a-su-cargo-las-calesitas-con-los-chicos-del-taller-protegido-y-asegura-que-ama-lo-que-hace\/","title":{"rendered":"Tiene a su cargo las calesitas con los chicos del Taller Protegido y asegura que ama lo que hace"},"content":{"rendered":"<p><strong>Se trata de Julio Salto, vecino de Necochea que tiene a su cargo la calesita del Parque Miguel Lillo y el carrusel de la Plaza San Mart\u00edn de la Villa Balnearia, donde atiende junto a chicos del Taller Protegido \u201cTodo para Ellos\u201d. \u201cEs un mundo tan sano y lindo, amo el trabajo que hago, soy feliz haci\u00e9ndolo, y m\u00e1s con los compa\u00f1eros que tengo\u201d, afirm\u00f3 en \u201cVoces de la Ciudad\u201d.<\/strong><\/p>\n<p>Al dialogar con el periodista Jorge G\u00f3mez, Salto relat\u00f3 que empez\u00f3 el 1\u00ba de enero del 2000 en la plaza de la Villa Balnearia: \u201cEmpec\u00e9 en ese lugar y hoy d\u00eda en invierno estoy en el parque, pero durante el verano estoy en el carrusel de la plaza San Mart\u00edn con los chicos del Taller Protegido Todo para Ellos, hoy tienen la propiedad ellos, y la del parque es municipal y la concesi\u00f3n la tenemos tambi\u00e9n con la misma instituci\u00f3n\u201d.<\/p>\n<p>En cuanto al carrusel de la Plaza San Mart\u00edn, aclar\u00f3 que durante el invierno trabaja solo los fines de semana. El movimiento central es en el verano, donde \u00a0se arranca a las cinco de la tarde hasta cerca de las dos de la ma\u00f1ana, \u201cvan ni\u00f1os pero tambi\u00e9n adolescentes y gente mayor, no hay l\u00edmite de edad, y en todas las vueltas hay sortija\u201d, solt\u00f3 entre risas.<\/p>\n<p><a href=\"https:\/\/primicias2262.com\/wp-content\/uploads\/2023\/03\/julio-salto.jpeg\"><img loading=\"lazy\" decoding=\"async\" class=\"aligncenter size-full wp-image-98840\" src=\"https:\/\/primicias2262.com\/wp-content\/uploads\/2023\/03\/julio-salto.jpeg\" alt=\"\" width=\"1024\" height=\"768\" \/><\/a>Salto se\u00f1al\u00f3 que actualmente atiende la boleter\u00eda y despu\u00e9s todo es manejado por los chicos del taller protegido, \u201ccon quienes tengo una relaci\u00f3n muy especial, compartimos cumplea\u00f1os, salidas, nos vamos a jugar al tejo al parque y dem\u00e1s\u201d, manifest\u00f3.<\/p>\n<p>Cuando se le pregunta por an\u00e9cdotas en estos 23 a\u00f1os de calesitas, Julio rememor\u00f3 que \u201ccuando la calesita se detiene los chicos empiezan a subirse cada uno en diferentes lados y por eso se demora un tiempo en volver a arrancar, y una vez hab\u00eda un nene que se sent\u00f3 en un bote, agarr\u00f3 el volante y se qued\u00f3 sentadito, pero ve\u00eda que la calesita no mov\u00eda nunca, entonces se baj\u00f3 del bote y quer\u00eda empujarlo, eso me llen\u00f3 de ternura por su inocencia\u201d.<\/p>\n<p>Fue all\u00ed cuando reflexion\u00f3 que \u201ces un mundo tan sano y lindo, amo el trabajo que hago, soy feliz haci\u00e9ndolo, y m\u00e1s con los compa\u00f1eros que tengo\u201d, y en ese sentido ponder\u00f3 el rol de los chicos del taller protegido, como Mat\u00edas Tr\u00edpano, Ezequiel Maimonne, Eduardo Harkel, Roberto Carabajal, Sebasti\u00e1n Menghini, Francisco Torres, Agust\u00edn P\u00e9rez o Jesica Molina.<\/p>\n<p>Finalmente, asegur\u00f3 con orgullo que \u201clos turistas ponderan la calesita, ya que cada vez van quedando menos en el pa\u00eds\u201d, e incluso \u201chay gente grande que iba a la calesita y hoy va con sus hijos, y yo me acuerdo de los nombres y todo\u201d.<\/p>\n","protected":false},"excerpt":{"rendered":"<p>Se trata de Julio Salto, vecino de Necochea que tiene a su cargo la calesita del Parque Miguel Lillo y el carrusel de la Plaza San Mart\u00edn de la Villa Balnearia, donde atiende junto a chicos del Taller Protegido \u201cTodo para Ellos\u201d. \u201cEs un mundo tan sano y lindo, amo el trabajo que hago, soy [&hellip;]<\/p>\n","protected":false},"author":3,"featured_media":98839,"comment_status":"closed","ping_status":"closed","sticky":false,"template":"","format":"standard","meta":{"footnotes":""},"categories":[3],"tags":[],"class_list":["post-98838","post","type-post","status-publish","format-standard","has-post-thumbnail","category-masnoticias"],"_links":{"self":[{"href":"https:\/\/primicias2262.com\/noticias\/wp-json\/wp\/v2\/posts\/98838","targetHints":{"allow":["GET"]}}],"collection":[{"href":"https:\/\/primicias2262.com\/noticias\/wp-json\/wp\/v2\/posts"}],"about":[{"href":"https:\/\/primicias2262.com\/noticias\/wp-json\/wp\/v2\/types\/post"}],"author":[{"embeddable":true,"href":"https:\/\/primicias2262.com\/noticias\/wp-json\/wp\/v2\/users\/3"}],"replies":[{"embeddable":true,"href":"https:\/\/primicias2262.com\/noticias\/wp-json\/wp\/v2\/comments?post=98838"}],"version-history":[{"count":0,"href":"https:\/\/primicias2262.com\/noticias\/wp-json\/wp\/v2\/posts\/98838\/revisions"}],"wp:attachment":[{"href":"https:\/\/primicias2262.com\/noticias\/wp-json\/wp\/v2\/media?parent=98838"}],"wp:term":[{"taxonomy":"category","embeddable":true,"href":"https:\/\/primicias2262.com\/noticias\/wp-json\/wp\/v2\/categories?post=98838"},{"taxonomy":"post_tag","embeddable":true,"href":"https:\/\/primicias2262.com\/noticias\/wp-json\/wp\/v2\/tags?post=98838"}],"curies":[{"name":"wp","href":"https:\/\/api.w.org\/{rel}","templated":true}]}}