{"id":98848,"date":"2023-03-31T12:55:08","date_gmt":"2023-03-31T15:55:08","guid":{"rendered":"https:\/\/primicias2262.com\/?p=98848"},"modified":"2023-03-31T12:55:08","modified_gmt":"2023-03-31T15:55:08","slug":"gamba-confirmo-que-el-viernes-14-de-abril-se-inaugurara-la-sede-de-la-direccion-de-cultura","status":"publish","type":"post","link":"https:\/\/primicias2262.com\/noticias\/gamba-confirmo-que-el-viernes-14-de-abril-se-inaugurara-la-sede-de-la-direccion-de-cultura\/","title":{"rendered":"Gamba confirm\u00f3 que el viernes 14 de abril se inaugurar\u00e1 la sede de la Direcci\u00f3n de Cultura"},"content":{"rendered":"<p><strong>Ser\u00e1 a partir de las 18.30 en el predio del Centro Cultural Municipal, en calle 62 entre 43 y 45. \u201cPara Necochea es un momento hist\u00f3rico que Cultura tenga su propia casa\u201d, expres\u00f3 emocionado el actual director de Cultura en una nota telef\u00f3nica para \u201cVoces de la Ciudad\u201d, realizada por el periodista Jorge G\u00f3mez.<\/strong><\/p>\n<p>Despu\u00e9s de tantas idas y venidas, de mudanzas e inestabilidad, parece ser que la Direcci\u00f3n de Cultura tendr\u00e1 su sede propia a mediados del mes que viene en el predio del Centro Cultural Municipal, en calle 62 entre 43 y 45, donde se construy\u00f3 el nuevo edificio.<\/p>\n<p>As\u00ed lo confirm\u00f3 el director de Cultura, Juan Gamba, al asegurar que \u201cpara nosotros esto es un momento hist\u00f3rico. La inauguraci\u00f3n es el viernes 14 de abril a las 18.30, eso ya est\u00e1 confirmado\u201d, tras lo que manifest\u00f3 que \u201cayer cuando empezamos a preparar las cosas en cajas y preparar la mudanza nos emocion\u00e1bamos. Ya el personal de Cultura no va a tener que estar traslad\u00e1ndose o mud\u00e1ndose de un lado a otro, as\u00ed que para Necochea es un momento hist\u00f3rico que Cultura tenga su propia casa\u201d.<\/p>\n\n<p>El funcionario agreg\u00f3 que \u201crealmente estamos muy contentos, creo que es un sue\u00f1o compartido con todos los exdirectores de Cultura que han tenido este anhelo y justo me toc\u00f3 en mi gesti\u00f3n poder concretarlo gracias al apoyo del Intendente (Arturo Rojas), que me escuch\u00f3, lo entendi\u00f3 y me dijo vamos para adelante\u201d, y revel\u00f3 una an\u00e9cdota: \u201cCuando al inicio Arturo me fue a buscar me dijo que hab\u00eda que dejar una huella y esta es una forma de dejarla\u201d.<\/p>\n<p>Por otra parte, Gamba habl\u00f3 de los festejos de Semana Santa, que se realizar\u00e1n el s\u00e1bado 8 y domingo 9 de abril en la Plaza Dardo Rocha, con show musicales, juegos infantiles, espect\u00e1culos y sorpresas: \u201cEste es el tercer a\u00f1o que se har\u00e1 la fiesta de Pascua y eso habla de una continuidad, habr\u00e1 m\u00e1s de 300 roscas de pascua que ser\u00e1n cortadas y repartidas entre todos los presentes, tambi\u00e9n habr\u00e1 emprendedores con sus productos y creo que va a ser una hermosa fiesta\u201d, anticip\u00f3.<\/p>\n","protected":false},"excerpt":{"rendered":"<p>Ser\u00e1 a partir de las 18.30 en el predio del Centro Cultural Municipal, en calle 62 entre 43 y 45. \u201cPara Necochea es un momento hist\u00f3rico que Cultura tenga su propia casa\u201d, expres\u00f3 emocionado el actual director de Cultura en una nota telef\u00f3nica para \u201cVoces de la Ciudad\u201d, realizada por el periodista Jorge G\u00f3mez. Despu\u00e9s [&hellip;]<\/p>\n","protected":false},"author":3,"featured_media":83414,"comment_status":"closed","ping_status":"closed","sticky":false,"template":"","format":"standard","meta":{"footnotes":""},"categories":[3],"tags":[],"class_list":["post-98848","post","type-post","status-publish","format-standard","has-post-thumbnail","category-masnoticias"],"_links":{"self":[{"href":"https:\/\/primicias2262.com\/noticias\/wp-json\/wp\/v2\/posts\/98848","targetHints":{"allow":["GET"]}}],"collection":[{"href":"https:\/\/primicias2262.com\/noticias\/wp-json\/wp\/v2\/posts"}],"about":[{"href":"https:\/\/primicias2262.com\/noticias\/wp-json\/wp\/v2\/types\/post"}],"author":[{"embeddable":true,"href":"https:\/\/primicias2262.com\/noticias\/wp-json\/wp\/v2\/users\/3"}],"replies":[{"embeddable":true,"href":"https:\/\/primicias2262.com\/noticias\/wp-json\/wp\/v2\/comments?post=98848"}],"version-history":[{"count":0,"href":"https:\/\/primicias2262.com\/noticias\/wp-json\/wp\/v2\/posts\/98848\/revisions"}],"wp:attachment":[{"href":"https:\/\/primicias2262.com\/noticias\/wp-json\/wp\/v2\/media?parent=98848"}],"wp:term":[{"taxonomy":"category","embeddable":true,"href":"https:\/\/primicias2262.com\/noticias\/wp-json\/wp\/v2\/categories?post=98848"},{"taxonomy":"post_tag","embeddable":true,"href":"https:\/\/primicias2262.com\/noticias\/wp-json\/wp\/v2\/tags?post=98848"}],"curies":[{"name":"wp","href":"https:\/\/api.w.org\/{rel}","templated":true}]}}