{"id":98855,"date":"2023-03-31T12:54:17","date_gmt":"2023-03-31T15:54:17","guid":{"rendered":"https:\/\/primicias2262.com\/?p=98855"},"modified":"2023-03-31T12:54:17","modified_gmt":"2023-03-31T15:54:17","slug":"maximiliano-delfino-sera-el-candidato-de-posse-en-necochea","status":"publish","type":"post","link":"https:\/\/primicias2262.com\/noticias\/maximiliano-delfino-sera-el-candidato-de-posse-en-necochea\/","title":{"rendered":"\u201cMaximiliano Delfino ser\u00e1 el candidato de Posse en Necochea\u201d"},"content":{"rendered":"<p><strong>El m\u00e9dico Maximiliano Delfino hizo p\u00fablica su intenci\u00f3n de participar como precandidato a intendente en la interna de Juntos en nuestra ciudad. El actual concejal viene trabajando desde hace a\u00f1os junto al diputado provincial Mart\u00edn Dom\u00ednguez Yelpo dentro del espacio que encabeza, a nivel provincial, el intendente de San Isidro Gustavo Posse.<\/strong><\/p>\n<p>La candidatura del reconocido m\u00e9dico fue oficializada este jueves por los propios Delfino y Dom\u00ednguez Yelpo. Al respecto, el diputado se\u00f1al\u00f3 que \u201cMaxi ser\u00e1 el candidato de Posse en Necochea. Hemos conformado un gran equipo de trabajo y contamos con el asesoramiento y la experiencia de los equipos t\u00e9cnicos de Gustavo (Posse) que han hecho de San Isidro un municipio modelo en la Provincia\u201d.<\/p>\n<p>En ese sentido, Yelpo explic\u00f3 que seguir\u00e1 trabajando a nivel provincial para lograr una mayor autonom\u00eda municipal, \u201cest\u00e1 probado que municipios m\u00e1s aut\u00f3nomos son menos dependientes de la caja discrecional de la Provincia; San Isidro es un ejemplo y por eso estamos trabajando con Maxi y venimos hablando con Gustavo para avanzar hacia el modelo de Estado municipal que queremos para Necochea\u201d.<\/p>\n<p>Por su parte, Delfino adelant\u00f3 que la salud, la seguridad, la producci\u00f3n y el empleo, y la autonom\u00eda municipal ser\u00e1n algunos de los ejes en torno a los cuales centrar\u00e1 su campa\u00f1a. En ese sentido, el profesional de la salud explic\u00f3 que \u201cuna de las cosas que m\u00e1s me ocupa es cambiar el paradigma de salud en Necochea, de un modelo centrado en el Hospital a uno que priorice y fortalezca la Atenci\u00f3n Primaria de la Salud\u201d; en la misma l\u00ednea afirm\u00f3 que \u201ctenemos un Hospital Municipal como el Ferreyra cuyo mantenimiento conlleva gran parte del presupuesto municipal. Vamos a trabajar para que el Estado provincial se haga cargo del sueldo de los trabajadores del Hospital lo cual permitir\u00eda aliviar gran parte de la carga presupuestaria y posibilitar\u00eda el avance hacia el desarrollo de un hospital de mayor complejidad\u201d.<\/p>\n<p>En relaci\u00f3n al eje productivo, adelant\u00f3 que \u201cNecochea no escapa a la realidad que atraviesa el pa\u00eds y por eso vamos a trabajar para fortalecer la producci\u00f3n y el empleo, queremos avanzar hacia una repotenciaci\u00f3n energ\u00e9tica que permita desarrollar el parque industrial y en la misma l\u00ednea seguiremos insistiendo en la necesidad de crear una zona franca en Puerto Quequ\u00e9n que permita la radicaci\u00f3n de empresas y la generaci\u00f3n de empleo genuino\u201d.<\/p>\n<p>Delfino se mostr\u00f3 abierto al di\u00e1logo con el resto de los actores pol\u00edticos que conforman el espacio Juntos en nuestro distrito y se\u00f1al\u00f3 que \u201csi nos toca ganar la interna convocaremos al resto de los actores del espacio para seguir trabajando en la construcci\u00f3n de la Necochea con la que so\u00f1amos\u201d.<\/p>\n","protected":false},"excerpt":{"rendered":"<p>El m\u00e9dico Maximiliano Delfino hizo p\u00fablica su intenci\u00f3n de participar como precandidato a intendente en la interna de Juntos en nuestra ciudad. El actual concejal viene trabajando desde hace a\u00f1os junto al diputado provincial Mart\u00edn Dom\u00ednguez Yelpo dentro del espacio que encabeza, a nivel provincial, el intendente de San Isidro Gustavo Posse. La candidatura del [&hellip;]<\/p>\n","protected":false},"author":3,"featured_media":98856,"comment_status":"closed","ping_status":"closed","sticky":false,"template":"","format":"standard","meta":{"footnotes":""},"categories":[3],"tags":[],"class_list":["post-98855","post","type-post","status-publish","format-standard","has-post-thumbnail","category-masnoticias"],"_links":{"self":[{"href":"https:\/\/primicias2262.com\/noticias\/wp-json\/wp\/v2\/posts\/98855","targetHints":{"allow":["GET"]}}],"collection":[{"href":"https:\/\/primicias2262.com\/noticias\/wp-json\/wp\/v2\/posts"}],"about":[{"href":"https:\/\/primicias2262.com\/noticias\/wp-json\/wp\/v2\/types\/post"}],"author":[{"embeddable":true,"href":"https:\/\/primicias2262.com\/noticias\/wp-json\/wp\/v2\/users\/3"}],"replies":[{"embeddable":true,"href":"https:\/\/primicias2262.com\/noticias\/wp-json\/wp\/v2\/comments?post=98855"}],"version-history":[{"count":0,"href":"https:\/\/primicias2262.com\/noticias\/wp-json\/wp\/v2\/posts\/98855\/revisions"}],"wp:attachment":[{"href":"https:\/\/primicias2262.com\/noticias\/wp-json\/wp\/v2\/media?parent=98855"}],"wp:term":[{"taxonomy":"category","embeddable":true,"href":"https:\/\/primicias2262.com\/noticias\/wp-json\/wp\/v2\/categories?post=98855"},{"taxonomy":"post_tag","embeddable":true,"href":"https:\/\/primicias2262.com\/noticias\/wp-json\/wp\/v2\/tags?post=98855"}],"curies":[{"name":"wp","href":"https:\/\/api.w.org\/{rel}","templated":true}]}}