{"id":98865,"date":"2023-03-31T14:36:33","date_gmt":"2023-03-31T17:36:33","guid":{"rendered":"https:\/\/primicias2262.com\/?p=98865"},"modified":"2023-03-31T14:36:33","modified_gmt":"2023-03-31T17:36:33","slug":"la-cooperadora-del-hospital-irurzun-recibio-la-personeria-juridica-de-manos-del-intendente","status":"publish","type":"post","link":"https:\/\/primicias2262.com\/noticias\/la-cooperadora-del-hospital-irurzun-recibio-la-personeria-juridica-de-manos-del-intendente\/","title":{"rendered":"La Cooperadora del Hospital Irurzun recibi\u00f3 la personer\u00eda jur\u00eddica de manos del Intendente"},"content":{"rendered":"<p><strong>El intendente Arturo Rojas encabez\u00f3 la ceremonia de entrega a una instituci\u00f3n que con el apoyo de la gesti\u00f3n municipal actual logra concretar un objetivo que anhela desde hace cinco a\u00f1os.<\/strong><\/p>\n<p>La gesti\u00f3n del intendente Arturo Rojas hizo efectiva este viernes la entrega del decreto de personer\u00eda jur\u00eddica a la cooperadora del nosocomio de Quequ\u00e9n, denominada oficialmente \u201cAsociaci\u00f3n Civil Fomento por la Salud del Hospital Irurzun\u201d.<\/p>\n<p><a href=\"https:\/\/primicias2262.com\/wp-content\/uploads\/2023\/03\/31-03-FOTO-Rojas-cooperadora-htal-Quequen3.jpeg\"><img loading=\"lazy\" decoding=\"async\" class=\"aligncenter size-full wp-image-98867\" src=\"https:\/\/primicias2262.com\/wp-content\/uploads\/2023\/03\/31-03-FOTO-Rojas-cooperadora-htal-Quequen3.jpeg\" alt=\"\" width=\"1600\" height=\"1066\" \/><\/a>El tr\u00e1mite se concret\u00f3 en el despacho del jefe comunal junto a la secretaria de Salud, Andrea Perestiuk; la Direcci\u00f3n de Relaciones con la Comunidad y DD.HH., a cargo de Yamil Haedo; y a la mayor\u00eda de la comisi\u00f3n directiva de dicha asociaci\u00f3n, encabezada por Pascual Corapi.<\/p>\n<p>Fue \u00e9ste \u00faltimo precisamente el que valor\u00f3 el t\u00edtulo oficial de la instituci\u00f3n tras un largo camino recorrido. \u201cHemos recibido la personer\u00eda jur\u00eddica del Hospital Irurzun de Quequ\u00e9n, un tr\u00e1mite que desde hace cuatro a\u00f1os y medio venimos luchando para conseguirlo y no se daba por las malas comisiones anteriores, que se han quedado con lo que no deb\u00edan, pero hemos logrado hoy plantar el arbolito todo un grupo de Quequ\u00e9n que realmente queremos al hospital y vamos a trabajar para eso\u201d, expres\u00f3 al inicio.<\/p>\n<p><a href=\"https:\/\/primicias2262.com\/wp-content\/uploads\/2023\/03\/31-03-FOTO-Rojas-cooperadora-htal-Quequen.jpg\"><img loading=\"lazy\" decoding=\"async\" class=\"aligncenter size-full wp-image-98866\" src=\"https:\/\/primicias2262.com\/wp-content\/uploads\/2023\/03\/31-03-FOTO-Rojas-cooperadora-htal-Quequen.jpg\" alt=\"\" width=\"1600\" height=\"1066\" \/><\/a>Luego, el presidente de la cooperadora resalt\u00f3 el gesto del intendente Rojas durante la jornada, al destacar que \u201cnos va a apoyar totalmente en lo que nos haga falta y nos dijo que contemos con \u00e9l para trabajar en conjunto para hacer grande el hospital de Quequ\u00e9n, y creemos en su palabra por el hombre de bien que es\u201d.<\/p>\n<p>Asimismo, asegur\u00f3 Corapi que mantendr\u00e1n di\u00e1logo con la secretaria de Salud, Andrea Perestiuk, como lo hicieron con Ruth Kalle en su momento, para acotar que \u201cvenimos trabajando hace unos cinco a\u00f1os y hoy sigue el mismo grupo con el que empezamos, gracias a Dios hoy lo culminamos y queremos destacar a la gente de la Cooperadora del Hospital de Necochea, que con todo gusto ser\u00e1n padrinos de esta cooperadora\u201d.<\/p>\n\n<p>Finalmente, Corapi dej\u00f3 entrever que el objetivo ser\u00e1 trabajar en pos de las prioridades del hospital. \u201cEl lunes nos reuniremos y vamos a decidir en conjunto qu\u00e9 es lo que hace falta para empezar a trabajar, tanto en lo edilicio como en instrumentos y equipamiento\u201d, y a su vez aprovech\u00f3 para \u201cinvitar a la comunidad y empresas de Quequ\u00e9n que est\u00e9n dispuestas a colaborar, que sabemos que hay bastantes y as\u00ed nos lo han hecho saber. El hospital y la gente de Quequ\u00e9n merecen que se trabaje honestamente\u201d.<\/p>\n","protected":false},"excerpt":{"rendered":"<p>El intendente Arturo Rojas encabez\u00f3 la ceremonia de entrega a una instituci\u00f3n que con el apoyo de la gesti\u00f3n municipal actual logra concretar un objetivo que anhela desde hace cinco a\u00f1os. La gesti\u00f3n del intendente Arturo Rojas hizo efectiva este viernes la entrega del decreto de personer\u00eda jur\u00eddica a la cooperadora del nosocomio de Quequ\u00e9n, [&hellip;]<\/p>\n","protected":false},"author":3,"featured_media":98870,"comment_status":"closed","ping_status":"closed","sticky":false,"template":"","format":"standard","meta":{"footnotes":""},"categories":[3],"tags":[],"class_list":["post-98865","post","type-post","status-publish","format-standard","has-post-thumbnail","category-masnoticias"],"_links":{"self":[{"href":"https:\/\/primicias2262.com\/noticias\/wp-json\/wp\/v2\/posts\/98865","targetHints":{"allow":["GET"]}}],"collection":[{"href":"https:\/\/primicias2262.com\/noticias\/wp-json\/wp\/v2\/posts"}],"about":[{"href":"https:\/\/primicias2262.com\/noticias\/wp-json\/wp\/v2\/types\/post"}],"author":[{"embeddable":true,"href":"https:\/\/primicias2262.com\/noticias\/wp-json\/wp\/v2\/users\/3"}],"replies":[{"embeddable":true,"href":"https:\/\/primicias2262.com\/noticias\/wp-json\/wp\/v2\/comments?post=98865"}],"version-history":[{"count":0,"href":"https:\/\/primicias2262.com\/noticias\/wp-json\/wp\/v2\/posts\/98865\/revisions"}],"wp:attachment":[{"href":"https:\/\/primicias2262.com\/noticias\/wp-json\/wp\/v2\/media?parent=98865"}],"wp:term":[{"taxonomy":"category","embeddable":true,"href":"https:\/\/primicias2262.com\/noticias\/wp-json\/wp\/v2\/categories?post=98865"},{"taxonomy":"post_tag","embeddable":true,"href":"https:\/\/primicias2262.com\/noticias\/wp-json\/wp\/v2\/tags?post=98865"}],"curies":[{"name":"wp","href":"https:\/\/api.w.org\/{rel}","templated":true}]}}