{"id":98885,"date":"2023-04-03T08:37:29","date_gmt":"2023-04-03T11:37:29","guid":{"rendered":"https:\/\/primicias2262.com\/?p=98885"},"modified":"2023-04-03T08:37:29","modified_gmt":"2023-04-03T11:37:29","slug":"a-41-anos-de-la-gesta-de-malvinas-resaltaron-los-valores-de-los-heroes-caidos-y-veteranos","status":"publish","type":"post","link":"https:\/\/primicias2262.com\/noticias\/a-41-anos-de-la-gesta-de-malvinas-resaltaron-los-valores-de-los-heroes-caidos-y-veteranos\/","title":{"rendered":"A 41 a\u00f1os de la Gesta de Malvinas resaltaron los valores de los h\u00e9roes ca\u00eddos y veteranos"},"content":{"rendered":"<p><strong>En una emocionante jornada, el Gobierno municipal homenaje\u00f3 a los Veteranos, Veteranas y Ca\u00eddos en la Guerra de Malvinas en su d\u00eda. La conmemoraci\u00f3n, como cada a\u00f1o, se inici\u00f3 en la noche del 1\u00b0 de abril con una vigilia en el Monumento a la Gesta, en la ciudad de Quequ\u00e9n, que se ilumin\u00f3 con los colores de la bandera argentina.<\/strong><\/p>\n<p>Ya en la ma\u00f1ana de este domingo 2, el intendente Arturo Rojas desayun\u00f3 con integrantes de la Asociaci\u00f3n Civil de Veteranos de Guerra del distrito y, acompa\u00f1ado por funcionarios de su Gabinete, concejales y otras autoridades, depositaron las ofrendas florales en el monolito ubicado en la esquina de Avenida 59 y calle 56, en la Plaza Dardo Rocha, presentando sus respetos a los patriotas que dejaron su vida en defensa del territorio nacional.<\/p>\n<p>Llegando al mediod\u00eda, la comitiva encabezada por el mandatario local volvi\u00f3 a cruzar el puente para rendir honores en la imponente estructura que representa a la Patria sosteniendo en sus brazos al joven soldado argentino que, desde el Puerto de Quequ\u00e9n, orienta su vista hacia la ubicaci\u00f3n geogr\u00e1fica de nuestras islas.<\/p>\n<p><a href=\"https:\/\/primicias2262.com\/wp-content\/uploads\/2023\/04\/FOTO-2-de-Abril-Acto-Malvinas2.jpg\"><img loading=\"lazy\" decoding=\"async\" class=\"aligncenter size-full wp-image-98890\" src=\"https:\/\/primicias2262.com\/wp-content\/uploads\/2023\/04\/FOTO-2-de-Abril-Acto-Malvinas2.jpg\" alt=\"\" width=\"1600\" height=\"1066\" \/><\/a>A 41 a\u00f1os de la gesta, con la participaci\u00f3n en el lugar de las fuerzas de seguridad, establecimientos educativos, representantes de los departamentos Ejecutivo y Legislativo, y la comunidad en general, fue el propio Intendente municipal quien tom\u00f3 la palabra para entregar su homenaje a los h\u00e9roes.<\/p>\n<p>\u201cQu\u00e9 dif\u00edcil se me hace expresar unas palabras despu\u00e9s de este c\u00e1lido aplauso que le acabamos de dar a nuestros veteranos\u201d, comenz\u00f3 el mandatario, aduciendo sobre este 2 de abril que \u201ces un d\u00eda que es m\u00e1s que importante para nosotros. Que tiene que ver con la conmemoraci\u00f3n, con el recuerdo, con mantener viva nuestra memoria, con homenajear a cada uno de nuestros h\u00e9roes en lo que fue esta gesta de Malvinas\u201d.<\/p>\n<p>\u201cCuando uno escucha hablar a nuestros veteranos dicen, casi al un\u00edsono, que ellos son lo que quedaron, los que regaron con su sangre nuestras islas. Pero nosotros estamos convencidos de que ellos tambi\u00e9n son nuestros h\u00e9roes, porque la definici\u00f3n de h\u00e9roe es aquel que hace m\u00e1s de lo que el deber le impone, y hemos escuchado muchas historias de ellos, a lo largo de lo que fue esta gesta, que realmente los transforma en verdaderos h\u00e9roes\u201d, asever\u00f3 el Intendente.<\/p>\n<p><a href=\"https:\/\/primicias2262.com\/wp-content\/uploads\/2023\/04\/02-04-FOTO-2-Abril-Acto-Malvinas3.jpeg\"><img loading=\"lazy\" decoding=\"async\" class=\"aligncenter size-full wp-image-98887\" src=\"https:\/\/primicias2262.com\/wp-content\/uploads\/2023\/04\/02-04-FOTO-2-Abril-Acto-Malvinas3.jpeg\" alt=\"\" width=\"1600\" height=\"1066\" \/><\/a>Para resaltar sus valores: los de la determinaci\u00f3n, el coraje, la valent\u00eda y la entrega en \u201cuna lucha absolutamente desigual\u201d, el m\u00e1ximo funcionario comunal relat\u00f3 la proeza del aviador Jos\u00e9 Arca, quien particip\u00f3 en el combate del desembarco brit\u00e1nico en el Estrecho de San Carlos, \u201cdonde hab\u00eda m\u00e1s de 40 buques brit\u00e1nicos y algunas fragatas, y solo fueron tres aviones argentinos los que intentaron detenerlo\u201d.<\/p>\n<p>\u201cNo hab\u00eda sido convocado para ir a defender nuestras islas, porque hac\u00eda m\u00e1s de 8 meses que no volaba y decidi\u00f3 alistarse de manera voluntaria: Vaya coraje de todos aquellos que fueron de manera voluntaria a defender nuestra patria\u201d, resalt\u00f3 Arturo Rojas apuntando su mirada hacia los excombatientes locales\u201d.<\/p>\n<p>Sin hacer hincapi\u00e9 en lo que fue el combate propiamente dicho, en el que la unidad a\u00e9rea nacional pudo hundir a una de las fragatas inglesas, Arturo Rojas quiso resaltar la desigualdad que tuvieron esos pilotos, tanto como todos los soldados que formaron parte de la batalla, en este caso tripulando naves del a\u00f1o 1.953 y combatiendo contra otras de \u00faltima generaci\u00f3n, de la d\u00e9cada del \u201980.<\/p>\n<p><a href=\"https:\/\/primicias2262.com\/wp-content\/uploads\/2023\/04\/02-04-FOTO-Ofrenda-Floral-Plaza-Dardo-Rocha-Malvinas.jpeg\"><img loading=\"lazy\" decoding=\"async\" class=\"aligncenter size-full wp-image-98888\" src=\"https:\/\/primicias2262.com\/wp-content\/uploads\/2023\/04\/02-04-FOTO-Ofrenda-Floral-Plaza-Dardo-Rocha-Malvinas.jpeg\" alt=\"\" width=\"1600\" height=\"1066\" \/><\/a>Para contar las penurias que debieron sufrir estos patriotas, el Intendente relat\u00f3 el escape de aquel enfrentamiento, en el que dos de los aviadores sucumbieron ante el fuego enemigo y las r\u00e1fagas de disparos de los Harrier tambi\u00e9n impactaron de lleno en la nave comandada por Arca, quien logr\u00f3 llegar a territorio nacional con vida tan solo porque quienes lo cazaban se quedaron sin combustible.<\/p>\n<p>Las contradicciones de esa guerra para los j\u00f3venes soldados argentinos quedaron plasmadas en el arribo del piloto de bandera celeste y blanca a su propio suelo. Temeroso de que sus compatriotas le dispararan confundi\u00e9ndolo con el enemigo, primero; comprometido por los disparos su tren de aterrizaje, luego; y sin un tanque de combustible, sistema el\u00e9ctrico, con da\u00f1os en las alas y escaso de ox\u00edgeno en la m\u00e1scara, casi descompensado, el aviador decidi\u00f3 pasar por sobre la torre de control para que le notificaran sobre las condiciones de aterrizaje.<\/p>\n<p><a href=\"https:\/\/primicias2262.com\/wp-content\/uploads\/2023\/04\/02-04-FOTO-Vigilia-Malvinas.jpeg\"><img loading=\"lazy\" decoding=\"async\" class=\"aligncenter size-full wp-image-98889\" src=\"https:\/\/primicias2262.com\/wp-content\/uploads\/2023\/04\/02-04-FOTO-Vigilia-Malvinas.jpeg\" alt=\"\" width=\"1600\" height=\"1067\" \/><\/a>Avisado de que se ten\u00eda que eyectar, el piloto relat\u00f3 que \u201cellos eran absolutamente conscientes de que los asientos estaban vencidos, pero, sin embargo, ninguno de ellos puso alg\u00fan tipo de objeci\u00f3n a la hora de subirse. Es m\u00e1s, discut\u00edan qui\u00e9n sal\u00eda a combatir primero. Vaya coraje que ten\u00edan cada uno de estos soldados\u201d, subray\u00f3 Arturo Rojas.<\/p>\n<p>Luego de 35 minutos en el agua extremadamente fr\u00eda, apareci\u00f3 un helic\u00f3ptero que no estaba preparado para el rescate a salvar a este compatriota. Se acercaron el m\u00e1ximo posible al agua, le tiraron dos veces una soga que no resisti\u00f3 al peso del equipamiento y hasta hubo un intento de nadar hacia la costa minada por los fuertes dolores en manos, pies y cabeza provocados por el congelamiento.<\/p>\n<p>\u201cEn este momento tan cr\u00edtico, aparece nuevamente el helic\u00f3ptero que decidi\u00f3 traspasar los l\u00edmites m\u00e1s all\u00e1 de lo normal para salvarlo. Se acercaron al agua apoyando lo esqu\u00edes, pr\u00e1cticamente, en el pecho de este aviador que estaba congel\u00e1ndose, quien alcanz\u00f3 a abrazarse\u201d para escapar de ese infierno, termin\u00f3 relatando el Intendente.<\/p>\n<p><a href=\"https:\/\/primicias2262.com\/wp-content\/uploads\/2023\/04\/02-04-FOTO-2-Abril-Acto-Malvinas-01.jpeg\"><img loading=\"lazy\" decoding=\"async\" class=\"aligncenter size-full wp-image-98886\" src=\"https:\/\/primicias2262.com\/wp-content\/uploads\/2023\/04\/02-04-FOTO-2-Abril-Acto-Malvinas-01.jpeg\" alt=\"\" width=\"1600\" height=\"1066\" \/><\/a>\u201cLo que quiero hacer ver con \u00e9sta, que es una de las tantas historias que han vivido ellos, es que son realmente h\u00e9roes. Por los valores que tuvieron, el pueblo argentino les tiene que estar eternamente agradecidos. Y, sin embargo, a la vuelta de esa guerra, los hicieron entrar por la puerta de atr\u00e1s\u201d.<\/p>\n<p>\u201cAh\u00ed no solo hubo una manipulaci\u00f3n y un ocultamiento de los gobiernos militares, sino tambi\u00e9n de los gobiernos civiles. Los militares porque quer\u00edan ocultar sus propias miserias, que a lo largo del tiempo fueron saliendo a la luz y hoy todos conocemos. Pero tambi\u00e9n los gobiernos civiles decidieron ocultar a estos patriotas, a estos h\u00e9roes, para no mostrar las grandezas y las historias vividas de patriotismo\u201d, remarc\u00f3 Arturo Rojas.<\/p>\n<p>\u201cAl darles la espalda, tuvimos muchos soldados que terminaron quit\u00e1ndose la vida por no tener la asistencia correspondiente. Esta es una deuda hist\u00f3rica que tenemos los gobiernos, los ciudadanos, que tenemos la obligaci\u00f3n de mantener viva esta memoria, no solo de los combatientes, sino tambi\u00e9n de las veteranas, de las que poco se habla y que participaron sin armas, pero acompa\u00f1ado en diferentes sectores a nuestros combatientes\u201d, puntualiz\u00f3 el Jefe de la comuna.<\/p>\n<p>Para ir cerrando un discurso que conmovi\u00f3 a los presentes, el Intendente asegur\u00f3: \u201cEstoy convencido de que esos valores son los que tenemos que llevar adelante, de que la causa de Malvinas es una de las pocas en las que la Rep\u00fablica Argentina hoy no tiene grietas. Es la causa que nos une\u201d.<\/p>\n<p>Por ello, \u201clas generaciones presentes y la futuras tenemos las obligaci\u00f3n de mantener viva la memoria de nuestros h\u00e9roes y nuestros combatientes. Y cada uno de los que tenemos una responsabilidad de gobierno tenemos la obligaci\u00f3n de tomar estos valores para empezar a transformar una Argentina que todav\u00eda nos duele, un pago chico en el que todav\u00eda queda mucho por hacer\u201d.<\/p>\n<p>\u201cQuiero decirles, mirando a los ojos a cada uno de ustedes y en nombre de los vecinos, muchas, pero muchas gracias por su entrega, por su coraje. Jam\u00e1s vamos a claudicar en el reclamo pac\u00edfico y justo que tenemos que hacer para recuperar nuestras Islas Malvinas\u201d, termin\u00f3 de homenajear Arturo Rojas a los excombatientes presentes en el Monumento de Quequ\u00e9n.<\/p>\n<p><strong>La palabra de los excombatientes<\/strong><\/p>\n<p>Por su parte y en representaci\u00f3n de los compa\u00f1eros que conforman la Asociaci\u00f3n Civil Veteranos de Guerra del distrito, Julio Zapata tambi\u00e9n dirigi\u00f3 unas palabras a los presentes. \u201cEn este 2 de abril queremos homenajear a nuestros camaradas ca\u00eddos en la batalla, recordando su memoria por siempre, con honor y respeto al valor demostrado en defensa de nuestro territorio patrio\u201d.<\/p>\n<p><a href=\"https:\/\/primicias2262.com\/wp-content\/uploads\/2023\/04\/FOTO-2-Abril-Acto-Malvinas-Julio-Zapata.jpeg\"><img loading=\"lazy\" decoding=\"async\" class=\"aligncenter size-full wp-image-98892\" src=\"https:\/\/primicias2262.com\/wp-content\/uploads\/2023\/04\/FOTO-2-Abril-Acto-Malvinas-Julio-Zapata.jpeg\" alt=\"\" width=\"1600\" height=\"1066\" \/><\/a>\u201cEso no significa que reivindiquemos la guerra como tal. Por el contrario, expresamos siempre que es el acto humano m\u00e1s aberrante que puede suceder. Solo acarrea dolor a los pueblos que intervienen en ella y graves consecuencias a la humanidad\u201d. Aun as\u00ed, \u201cesta disputa de soberan\u00eda debe primar como pol\u00edtica de estado de nuestros gobernantes en todos sus niveles. Los veteranos de guerra de Malvinas somos parte de la historia viva por contar y el mayor reconocimiento para nosotros es poder mantener la memoria viva de nuestros h\u00e9roes en las nuevas generaciones\u201d, termin\u00f3 afirmando el excombatiente, en medio del aplauso emotivo de todos los presentes.<\/p>\n","protected":false},"excerpt":{"rendered":"<p>En una emocionante jornada, el Gobierno municipal homenaje\u00f3 a los Veteranos, Veteranas y Ca\u00eddos en la Guerra de Malvinas en su d\u00eda. La conmemoraci\u00f3n, como cada a\u00f1o, se inici\u00f3 en la noche del 1\u00b0 de abril con una vigilia en el Monumento a la Gesta, en la ciudad de Quequ\u00e9n, que se ilumin\u00f3 con los [&hellip;]<\/p>\n","protected":false},"author":3,"featured_media":98891,"comment_status":"closed","ping_status":"closed","sticky":false,"template":"","format":"standard","meta":{"footnotes":""},"categories":[3],"tags":[],"class_list":["post-98885","post","type-post","status-publish","format-standard","has-post-thumbnail","category-masnoticias"],"_links":{"self":[{"href":"https:\/\/primicias2262.com\/noticias\/wp-json\/wp\/v2\/posts\/98885","targetHints":{"allow":["GET"]}}],"collection":[{"href":"https:\/\/primicias2262.com\/noticias\/wp-json\/wp\/v2\/posts"}],"about":[{"href":"https:\/\/primicias2262.com\/noticias\/wp-json\/wp\/v2\/types\/post"}],"author":[{"embeddable":true,"href":"https:\/\/primicias2262.com\/noticias\/wp-json\/wp\/v2\/users\/3"}],"replies":[{"embeddable":true,"href":"https:\/\/primicias2262.com\/noticias\/wp-json\/wp\/v2\/comments?post=98885"}],"version-history":[{"count":0,"href":"https:\/\/primicias2262.com\/noticias\/wp-json\/wp\/v2\/posts\/98885\/revisions"}],"wp:attachment":[{"href":"https:\/\/primicias2262.com\/noticias\/wp-json\/wp\/v2\/media?parent=98885"}],"wp:term":[{"taxonomy":"category","embeddable":true,"href":"https:\/\/primicias2262.com\/noticias\/wp-json\/wp\/v2\/categories?post=98885"},{"taxonomy":"post_tag","embeddable":true,"href":"https:\/\/primicias2262.com\/noticias\/wp-json\/wp\/v2\/tags?post=98885"}],"curies":[{"name":"wp","href":"https:\/\/api.w.org\/{rel}","templated":true}]}}