{"id":98898,"date":"2023-04-03T09:38:36","date_gmt":"2023-04-03T12:38:36","guid":{"rendered":"https:\/\/primicias2262.com\/?p=98898"},"modified":"2023-04-03T09:38:36","modified_gmt":"2023-04-03T12:38:36","slug":"volvio-la-feria-de-ropa-del-club-de-leones-con-precios-modicos-y-una-masiva-respuesta-de-la-gente","status":"publish","type":"post","link":"https:\/\/primicias2262.com\/noticias\/volvio-la-feria-de-ropa-del-club-de-leones-con-precios-modicos-y-una-masiva-respuesta-de-la-gente\/","title":{"rendered":"Volvi\u00f3 la feria de ropa del Club de Leones con precios m\u00f3dicos y una masiva respuesta de la gente"},"content":{"rendered":"<p><strong>Este lunes se dio el retorno de le feria de ropa nueva y usada, la cual no funcionaba desde la pandemia. La reinauguraci\u00f3n cont\u00f3 con una masiva respuesta vecinal y la feria durar\u00e1 alrededor de un mes. Todo lo recaudado se utilizar\u00e1 para cubrir la compra de un costos equipamiento para prevenir la ceguera infantil.<\/strong><\/p>\n<p>Jos\u00e9 \u201cPepe\u201d Donofrio y Amparo Ca\u00f1adas, ambos integrantes del Club de Leones local, pasaron por los estudios de \u201cVoces de la Ciudad\u201d y en nota con el periodista Jorge G\u00f3mez explicaron los pormenores del retorno de la feria, que por cierto, tiene precios muy econ\u00f3micos.<\/p>\n<p>En primer t\u00e9rmino, se inform\u00f3 que esta semana estar\u00e1n lunes, martes y mi\u00e9rcoles de 13 a 17 en el local de 58 N\u00ba 3154, entre 63 y 65. Nos agarr\u00f3 la pandemia en marzo de 2020 y desde ese a\u00f1o que no estamos y tenemos ropa acumula, pero muy cuidada y seleccionada. Hay ropa de ni\u00f1o en muy buen estado, hay ropa usada de hombre como pantalones o camisas en muy buen estado y dem\u00e1s\u201d, anticip\u00f3 Ca\u00f1adas.<\/p>\n<p>En cuanto a valores, Donofrio inform\u00f3 que son muy accesibles: \u201cDos prendas de ni\u00f1os o ni\u00f1a est\u00e1n a 100 pesos; una prenda de hombre 100 pesos, cuatro pantalones 100 pesos, hay de todos los tama\u00f1os; un sweater 300 pesos, los pantalones joggins y jeans a 150 pesos\u201d, y tambi\u00e9n hay un combo muy barato: tres pantalones de dama, una prenda de ni\u00f1o, una prenda de dama, un par de zapatos y dos prendas nuevas (todo a elegir) a solo 500 pesos\u201d. Incluso, destacaron que \u201chay muchas zapatillas para ni\u00f1os que est\u00e1n impecables y muchas botas de damas hermosas\u201d.<\/p>\n<p><a href=\"https:\/\/primicias2262.com\/wp-content\/uploads\/2023\/04\/WhatsApp-Image-2023-04-03-at-7.44.57-PM.jpeg\"><img loading=\"lazy\" decoding=\"async\" class=\"aligncenter size-full wp-image-98944\" src=\"https:\/\/primicias2262.com\/wp-content\/uploads\/2023\/04\/WhatsApp-Image-2023-04-03-at-7.44.57-PM.jpeg\" alt=\"\" width=\"1024\" height=\"461\" \/><\/a>Los leones locales aclararon que \u201ctodo lo que se recauda es destinado a cubrir la compra de un aparato alem\u00e1n que enfoca a los ojos del paciente y detecta la falla visual que puedas tener, y te informa el resultado en papel. Vale una moneda pero ya est\u00e1 comprado y estamos muy contentos\u201d. En ese sentido, el equipamiento se llama auto refract\u00f3metro port\u00e1til y cost\u00f3 7700 d\u00f3lares, aunque hubo una subvenci\u00f3n de la fundaci\u00f3n del Club de Leones para solventar una parte.<\/p>\n<p>Una vez que ese equipamiento llegue a la ciudad, inform\u00f3 Amparo que \u201cnosotros vamos a concurrir a las escuelas, si bien el aparato es para adultos tambi\u00e9n, nosotros estamos abocados a la prevenci\u00f3n de la ceguera infantil y se van a hacer jornadas de control en jardines, escuelas primarias y secundarias\u201d.<\/p>\n<p>Por todo ello, se\u00f1alaron que se invita a colaborar, la feria va a continuar todo el mes: \u201cEsta semana es por los tres d\u00edas h\u00e1biles y la semana siguiente veremos qu\u00e9 horarios implementamos, mientras que los fines de semana haremos la reposici\u00f3n. Un mes m\u00ednimo va a durar la feria. Tambi\u00e9n hay equipamiento infantil y juguetes\u201d, concluyeron.<\/p>\n","protected":false},"excerpt":{"rendered":"<p>Este lunes se dio el retorno de le feria de ropa nueva y usada, la cual no funcionaba desde la pandemia. La reinauguraci\u00f3n cont\u00f3 con una masiva respuesta vecinal y la feria durar\u00e1 alrededor de un mes. Todo lo recaudado se utilizar\u00e1 para cubrir la compra de un costos equipamiento para prevenir la ceguera infantil. [&hellip;]<\/p>\n","protected":false},"author":3,"featured_media":98943,"comment_status":"closed","ping_status":"closed","sticky":false,"template":"","format":"standard","meta":{"footnotes":""},"categories":[3],"tags":[],"class_list":["post-98898","post","type-post","status-publish","format-standard","has-post-thumbnail","category-masnoticias"],"_links":{"self":[{"href":"https:\/\/primicias2262.com\/noticias\/wp-json\/wp\/v2\/posts\/98898","targetHints":{"allow":["GET"]}}],"collection":[{"href":"https:\/\/primicias2262.com\/noticias\/wp-json\/wp\/v2\/posts"}],"about":[{"href":"https:\/\/primicias2262.com\/noticias\/wp-json\/wp\/v2\/types\/post"}],"author":[{"embeddable":true,"href":"https:\/\/primicias2262.com\/noticias\/wp-json\/wp\/v2\/users\/3"}],"replies":[{"embeddable":true,"href":"https:\/\/primicias2262.com\/noticias\/wp-json\/wp\/v2\/comments?post=98898"}],"version-history":[{"count":0,"href":"https:\/\/primicias2262.com\/noticias\/wp-json\/wp\/v2\/posts\/98898\/revisions"}],"wp:attachment":[{"href":"https:\/\/primicias2262.com\/noticias\/wp-json\/wp\/v2\/media?parent=98898"}],"wp:term":[{"taxonomy":"category","embeddable":true,"href":"https:\/\/primicias2262.com\/noticias\/wp-json\/wp\/v2\/categories?post=98898"},{"taxonomy":"post_tag","embeddable":true,"href":"https:\/\/primicias2262.com\/noticias\/wp-json\/wp\/v2\/tags?post=98898"}],"curies":[{"name":"wp","href":"https:\/\/api.w.org\/{rel}","templated":true}]}}