{"id":98912,"date":"2023-04-03T14:24:01","date_gmt":"2023-04-03T17:24:01","guid":{"rendered":"https:\/\/primicias2262.com\/?p=98912"},"modified":"2023-04-03T14:24:01","modified_gmt":"2023-04-03T17:24:01","slug":"sequia-en-lineas-generales-la-crisis-no-va-a-golpear-en-necochea-como-en-el-centro-del-pais","status":"publish","type":"post","link":"https:\/\/primicias2262.com\/noticias\/sequia-en-lineas-generales-la-crisis-no-va-a-golpear-en-necochea-como-en-el-centro-del-pais\/","title":{"rendered":"Sequ\u00eda: \u201cEn l\u00edneas generales la crisis no va a golpear en Necochea como en el centro del pa\u00eds\u201d"},"content":{"rendered":"<p><strong>As\u00ed lo manifest\u00f3 el referente agropecuario local, Egidio Mailland, quien en los estudios de \u201cVoces de la Ciudad\u201d brind\u00f3 un panorama de dicho sector y aleg\u00f3 que las lluvias fueron muy favorables en nuestro partido, pero que en el centro del pa\u00eds es una cat\u00e1strofe.<\/strong><\/p>\n<p>En nota con el periodista Jorge G\u00f3mez, el presidente de la Cooperativa Agropecuaria General Necochea arranc\u00f3 recordando que \u201clos vaticinios que hac\u00edamos la \u00faltima vez que vine ac\u00e1 se hicieron realidad, cuando dec\u00edamos que a esto para ponerlo en n\u00fameros hay que esperar que venga la cosecha\u2026 la fina ya estaba jugada con un 40% menos, pero felizmente en Necochea revirti\u00f3, empez\u00f3 a llover y entre febrero y marzo llovieron cerca de 280 mil\u00edmetros. Con eso la gruesa hizo una reconversi\u00f3n extraordinaria y de golpe la cosecha del girasol es buena, con muy buenos rendimientos, y eso que ven\u00edamos de una sequ\u00eda tremenda\u201d.<\/p>\n<p>Salvo los primeros lotes, Mailland asegur\u00f3 que se va a escuchar de muy buenos rindes en la zona costera. \u201cEs decir que el girasol est\u00e1 en carrera, mientras que con el ma\u00edz hay que esperar. Se le ve un aspecto muy bueno, pero hay que esperar. Habr\u00e1 dos tipos de ma\u00edces, los tempranos que son dudosos, y los tard\u00edos que le falta bastante, pero las heladas de abril y mayo son complicadas\u201d, explic\u00f3, aunque se mostr\u00f3 confiado: \u201cEspero que al igual que el girasol, haya una cosecha de ma\u00edz\u2026 hoy la gen\u00e9tica del ma\u00edz es extraordinaria, ten\u00e9s una planta perfecta y hay que esperar unos meses\u201d.<\/p>\n<p>En cuanto a la soja, se\u00f1al\u00f3 que \u201cpara Necochea ese tema es un jerogl\u00edfico, porque vos lo ves con un follaje extraordinario pero no le gusta el fr\u00edo y si el fr\u00edo le afecta\u2026 cuando hace su flor en el ciclo es m\u00e1s delicada en cuanto al clima, as\u00ed que ah\u00ed se nos abre un gran signo de interrogaci\u00f3n\u201d.<\/p>\n<p>Como conclusi\u00f3n, Mailland asever\u00f3 que \u201chay que esperar tranquilos para ponerle un n\u00famero a esto hasta julio, m\u00ednimo\u201d, pero \u201cen l\u00edneas generales no va a ser en Necochea la crisis como el centro del pa\u00eds, donde s\u00ed es una cat\u00e1strofe. En el a\u00f1o van a acopiar el 30% de lo normal, lo que para el pa\u00eds es grav\u00edsimo porque estamos hablando de la zona n\u00facleo, pero m\u00e1s todav\u00eda para el pueblo donde vive la gente\u201d, argument\u00f3.<\/p>\n<p>Seguidamente, Mailland volvi\u00f3 a poner el acento sobre las discusiones entre campo y ciudad: \u201cEn esa dicotom\u00eda y contrastes, cuando pasan estas cosas vemos realmente la importancia del campo y el que quiera darse cuenta, se da cuenta inmediatamente\u201d, e insisti\u00f3 en que \u201ccreo que Necochea va a pasar un semestre tranquilo, pero el segundo semestre va a ser la realidad de la cosa, ya que faltando el 40% de la fina y el 20 o 30% de la gruesa, va a depender del gobierno con qu\u00e9 parte de la porci\u00f3n del precio del grano se va a quedar, y eso lo logra con las retenciones y el tipo de cambio. A nivel local, el derrame a la comunidad se va a sentir en el segundo semestre\u201d<\/p>\n<p>Finalmente se refiri\u00f3 a la actualidad de los productores y el gobierno, resaltando que \u201ccon un d\u00f3lar a 207 pesos te vende lo que necesita todos los d\u00edas, pero no se pone en marcha el negocio de los granos en volumen, esto no es normal y vas a escuchar a una mitad del sector a los gritos que esto es un disparate y a la otra mitad que se le hace una sonrisita, ya que los argentinos tenemos una gimnasia formidable para gambetear y esquivar las balas, entonces el productor ya le encontr\u00f3 la vuelta y est\u00e1 esperando que se ponga en marcha este anuncio y no te va a vender un grano hasta que no le suban el d\u00f3lar. Se adaptan a las reglas de juego que les pone el gobierno\u201d.<\/p>\n","protected":false},"excerpt":{"rendered":"<p>As\u00ed lo manifest\u00f3 el referente agropecuario local, Egidio Mailland, quien en los estudios de \u201cVoces de la Ciudad\u201d brind\u00f3 un panorama de dicho sector y aleg\u00f3 que las lluvias fueron muy favorables en nuestro partido, pero que en el centro del pa\u00eds es una cat\u00e1strofe. En nota con el periodista Jorge G\u00f3mez, el presidente de [&hellip;]<\/p>\n","protected":false},"author":3,"featured_media":98915,"comment_status":"closed","ping_status":"closed","sticky":false,"template":"","format":"standard","meta":{"footnotes":""},"categories":[3],"tags":[],"class_list":["post-98912","post","type-post","status-publish","format-standard","has-post-thumbnail","category-masnoticias"],"_links":{"self":[{"href":"https:\/\/primicias2262.com\/noticias\/wp-json\/wp\/v2\/posts\/98912","targetHints":{"allow":["GET"]}}],"collection":[{"href":"https:\/\/primicias2262.com\/noticias\/wp-json\/wp\/v2\/posts"}],"about":[{"href":"https:\/\/primicias2262.com\/noticias\/wp-json\/wp\/v2\/types\/post"}],"author":[{"embeddable":true,"href":"https:\/\/primicias2262.com\/noticias\/wp-json\/wp\/v2\/users\/3"}],"replies":[{"embeddable":true,"href":"https:\/\/primicias2262.com\/noticias\/wp-json\/wp\/v2\/comments?post=98912"}],"version-history":[{"count":0,"href":"https:\/\/primicias2262.com\/noticias\/wp-json\/wp\/v2\/posts\/98912\/revisions"}],"wp:attachment":[{"href":"https:\/\/primicias2262.com\/noticias\/wp-json\/wp\/v2\/media?parent=98912"}],"wp:term":[{"taxonomy":"category","embeddable":true,"href":"https:\/\/primicias2262.com\/noticias\/wp-json\/wp\/v2\/categories?post=98912"},{"taxonomy":"post_tag","embeddable":true,"href":"https:\/\/primicias2262.com\/noticias\/wp-json\/wp\/v2\/tags?post=98912"}],"curies":[{"name":"wp","href":"https:\/\/api.w.org\/{rel}","templated":true}]}}