{"id":98914,"date":"2023-04-03T14:35:10","date_gmt":"2023-04-03T17:35:10","guid":{"rendered":"https:\/\/primicias2262.com\/?p=98914"},"modified":"2023-04-03T14:35:10","modified_gmt":"2023-04-03T17:35:10","slug":"tras-los-lamentables-hechos-comenzaron-a-demoler-paredones-en-el-complejo-educativo-jesuita-cardiel","status":"publish","type":"post","link":"https:\/\/primicias2262.com\/noticias\/tras-los-lamentables-hechos-comenzaron-a-demoler-paredones-en-el-complejo-educativo-jesuita-cardiel\/","title":{"rendered":"Tras los lamentables hechos comenzaron a demoler paredones en el Complejo Educativo \u201cJesuita Cardiel\u201d"},"content":{"rendered":"<p><strong>D\u00edas despu\u00e9s del intento de violaci\u00f3n a una joven en el predio del Exliceo Naval y de una movilizaci\u00f3n de la comunidad educativa del lugar, el municipio y el Consejo Escolar acordaron llevar adelante medidas de seguridad concretas y ya comenzaron con la demolici\u00f3n de los paredones de los galpones abandonados.<\/strong><\/p>\n<p>En el marco de un trabajo en conjunto entre el Departamento Ejecutivo Municipal y el Consejo Escolar, iniciaron las tareas de demolici\u00f3n de paredes para brindar una mayor seguridad en el complejo educativo que funciona en el predio del Exliceo naval, en Jesuita Cardiel y calle 50.<\/p>\n<p>Luego de una reuni\u00f3n mantenida entre las partes la semana anterior, el Ejecutivo municipal se puso manos a la obra con la primera etapa al iniciar la demolici\u00f3n de paredes en el sector m\u00e1s complejo del predio, que es un galp\u00f3n a cielo abierto que estaba abandonado, al costado de la bajada que conecta al Instituto N\u00ba 31 con la Escuela de Arte \u201cOrillas del Quequ\u00e9n\u201d, y que varios j\u00f3venes utilizaban como skatepark.<\/p>\n<p><a href=\"https:\/\/primicias2262.com\/wp-content\/uploads\/2023\/04\/03-04-FOTO-trabajos-Liceo3.jpeg\"><img loading=\"lazy\" decoding=\"async\" class=\"aligncenter size-full wp-image-98918\" src=\"https:\/\/primicias2262.com\/wp-content\/uploads\/2023\/04\/03-04-FOTO-trabajos-Liceo3.jpeg\" alt=\"\" width=\"1280\" height=\"597\" \/><\/a>Las tareas se realizan con maquinarias de Espacios P\u00fablicos y el Ente Vial, y adem\u00e1s el secretario de Planeamiento, Obras y Servicios P\u00fablicos, Adri\u00e1n Furno, destac\u00f3 tambi\u00e9n que se trabaja de manera conjunta con la Direcci\u00f3n de Vialidad de la Provincia, que a su vez facilit\u00f3 equipamiento.<\/p>\n<p>En tanto, su par de Gobierno, Jorge Mart\u00ednez -en l\u00ednea con la informaci\u00f3n suministrada por la presidenta del Consejo Escolar, Silvina Jensen-, manifest\u00f3 que el municipio asesorar\u00e1 al Consejo y las instituciones educativas que componen el complejo sobre qu\u00e9 tipo de c\u00e1maras de seguridad colocar y de esa forma conformar una red de monitoreo.<\/p>\n<p>Asimismo, el trabajo de manera conjunta proyecta el mejoramiento de las calles internas del complejo y la iluminaci\u00f3n y se\u00f1alizaci\u00f3n con carteler\u00eda de las mismas, con el fin de reforzar la seguridad en los sectores m\u00e1s transitados a diario por veh\u00edculos y un importante flujo de personas que hace a la vida de las instituciones educativas.<\/p>\n<p><a href=\"https:\/\/primicias2262.com\/wp-content\/uploads\/2023\/04\/03-04-FOTO-trabajos-Liceo.jpeg\"><img loading=\"lazy\" decoding=\"async\" class=\"aligncenter size-full wp-image-98916\" src=\"https:\/\/primicias2262.com\/wp-content\/uploads\/2023\/04\/03-04-FOTO-trabajos-Liceo.jpeg\" alt=\"\" width=\"1280\" height=\"597\" \/><\/a>Acerca de los trabajos de demolici\u00f3n de paredes propiamente dicho, Furno se\u00f1al\u00f3 que \u201cvamos a dejar el sector con tres de las paredes laterales abiertas para que quede todo visible y no haya inconvenientes\u201d. Asimismo, se est\u00e1 cargando todo el escombro y se va a limpiar tanto ese sector como otro donde se hab\u00eda hecho una demolici\u00f3n anterior, e incluso Furno acot\u00f3 que \u201ctambi\u00e9n por pedido del Consejo Escolar en dos o tres lugares se van a quitar algunas construcciones que no se utilizan para evitar que se escondan personas\u201d.<\/p>\n<p>\u201cEntre todos lo vamos a poder mejorar y brindar seguridad para que la comunidad educativa est\u00e9 un poco m\u00e1s tranquila y no tengamos los problemas de inseguridad que aquejaron en los \u00faltimos tiempos\u201d, concluy\u00f3 el funcionario.<\/p>\n","protected":false},"excerpt":{"rendered":"<p>D\u00edas despu\u00e9s del intento de violaci\u00f3n a una joven en el predio del Exliceo Naval y de una movilizaci\u00f3n de la comunidad educativa del lugar, el municipio y el Consejo Escolar acordaron llevar adelante medidas de seguridad concretas y ya comenzaron con la demolici\u00f3n de los paredones de los galpones abandonados. En el marco de [&hellip;]<\/p>\n","protected":false},"author":3,"featured_media":98919,"comment_status":"closed","ping_status":"closed","sticky":false,"template":"","format":"standard","meta":{"footnotes":""},"categories":[3],"tags":[],"class_list":["post-98914","post","type-post","status-publish","format-standard","has-post-thumbnail","category-masnoticias"],"_links":{"self":[{"href":"https:\/\/primicias2262.com\/noticias\/wp-json\/wp\/v2\/posts\/98914","targetHints":{"allow":["GET"]}}],"collection":[{"href":"https:\/\/primicias2262.com\/noticias\/wp-json\/wp\/v2\/posts"}],"about":[{"href":"https:\/\/primicias2262.com\/noticias\/wp-json\/wp\/v2\/types\/post"}],"author":[{"embeddable":true,"href":"https:\/\/primicias2262.com\/noticias\/wp-json\/wp\/v2\/users\/3"}],"replies":[{"embeddable":true,"href":"https:\/\/primicias2262.com\/noticias\/wp-json\/wp\/v2\/comments?post=98914"}],"version-history":[{"count":0,"href":"https:\/\/primicias2262.com\/noticias\/wp-json\/wp\/v2\/posts\/98914\/revisions"}],"wp:attachment":[{"href":"https:\/\/primicias2262.com\/noticias\/wp-json\/wp\/v2\/media?parent=98914"}],"wp:term":[{"taxonomy":"category","embeddable":true,"href":"https:\/\/primicias2262.com\/noticias\/wp-json\/wp\/v2\/categories?post=98914"},{"taxonomy":"post_tag","embeddable":true,"href":"https:\/\/primicias2262.com\/noticias\/wp-json\/wp\/v2\/tags?post=98914"}],"curies":[{"name":"wp","href":"https:\/\/api.w.org\/{rel}","templated":true}]}}