{"id":98925,"date":"2023-04-04T09:12:57","date_gmt":"2023-04-04T12:12:57","guid":{"rendered":"https:\/\/primicias2262.com\/?p=98925"},"modified":"2023-04-04T09:12:57","modified_gmt":"2023-04-04T12:12:57","slug":"fue-un-orgullo-estar-en-un-evento-tan-importante-donde-solo-participaron-71-jueces-de-todo-el-mundo","status":"publish","type":"post","link":"https:\/\/primicias2262.com\/noticias\/fue-un-orgullo-estar-en-un-evento-tan-importante-donde-solo-participaron-71-jueces-de-todo-el-mundo\/","title":{"rendered":"\u201cFue un orgullo estar en un evento tan importante donde solo participaron 71 jueces de todo el mundo\u201d"},"content":{"rendered":"<p><strong>As\u00ed lo expres\u00f3 desde Roma la Dra. Silvina Besoin, quien tuvo el privilegio de exponer en la Cumbre de colonialismo, Descolonizaci\u00f3n y neo colonialismo, convocada por el Papa Francisco en el Vaticano.<\/strong><\/p>\n<p>La necochense, que es actualmente asesora de Incapaces del Departamento Judicial local, dialog\u00f3 telef\u00f3nicamente desde el viejo mundo con el periodista Jorge G\u00f3mez en \u201cVoces de la Ciudad\u201d, en el contexto de su participaci\u00f3n en la Cumbre de \u201cColonialismo, Descolonizaci\u00f3n y Neocolonialismo, una justicia social con perspectiva del bien com\u00fan\u201d, convocada por el Papa Francisco.<\/p>\n<p>\u201cEsto muy feliz de participar en este encuentro, fui invitada por el Padre Francisco a trav\u00e9s de la Pontificia Academia de Ciencias Sociales del Vaticano y del Comit\u00e9 Panamericano de Jueces y Juezas por los Derechos Sociales, es un orgullo participar de este evento tan importante donde solo participan 71 jueces y magistrados de todo el mundo, as\u00ed que muy contenta y agradecida con el Comit\u00e9\u201d, expres\u00f3 Silvina.<\/p>\n\n<p>Luego cont\u00f3 que todo disertante tuvo 10 minutos para participar y dar su punto de vista en relaci\u00f3n a los temas de la consigna, y en su caso puntual hizo un comentario sobre el rol activo del Poder Judicial en este momento, es decir, \u201cbregar por la defensa de los sectores m\u00e1s vulnerables, que es con lo que yo trabajo a diario, y c\u00f3mo el colonialismo influy\u00f3 en Am\u00e9rica y \u00c1frica, donde las potencias m\u00e1s dominantes, Estados Unidos y Europa, han avasallado a los pa\u00edses m\u00e1s pobres\u201d.<\/p>\n<p>\u201cSu Santidad nos convoc\u00f3 a jueces y juezas que trabajamos con la vulneraci\u00f3n de esos derechos sociales para poder revertir esos paradigmas culturales y hacer cumplir la norma, es decir, que la convocatoria fue para revertir la posici\u00f3n del Poder Judicial e involucrarnos en el rol como magistrados para que se respeten los derechos m\u00e1s vulnerados de las personas que viven en los sectores m\u00e1s vulnerables de la ciudad\u201d, se\u00f1al\u00f3 finalmente.<\/p>\n","protected":false},"excerpt":{"rendered":"<p>As\u00ed lo expres\u00f3 desde Roma la Dra. Silvina Besoin, quien tuvo el privilegio de exponer en la Cumbre de colonialismo, Descolonizaci\u00f3n y neo colonialismo, convocada por el Papa Francisco en el Vaticano. La necochense, que es actualmente asesora de Incapaces del Departamento Judicial local, dialog\u00f3 telef\u00f3nicamente desde el viejo mundo con el periodista Jorge G\u00f3mez [&hellip;]<\/p>\n","protected":false},"author":3,"featured_media":98930,"comment_status":"closed","ping_status":"closed","sticky":false,"template":"","format":"standard","meta":{"footnotes":""},"categories":[3],"tags":[],"class_list":["post-98925","post","type-post","status-publish","format-standard","has-post-thumbnail","category-masnoticias"],"_links":{"self":[{"href":"https:\/\/primicias2262.com\/noticias\/wp-json\/wp\/v2\/posts\/98925","targetHints":{"allow":["GET"]}}],"collection":[{"href":"https:\/\/primicias2262.com\/noticias\/wp-json\/wp\/v2\/posts"}],"about":[{"href":"https:\/\/primicias2262.com\/noticias\/wp-json\/wp\/v2\/types\/post"}],"author":[{"embeddable":true,"href":"https:\/\/primicias2262.com\/noticias\/wp-json\/wp\/v2\/users\/3"}],"replies":[{"embeddable":true,"href":"https:\/\/primicias2262.com\/noticias\/wp-json\/wp\/v2\/comments?post=98925"}],"version-history":[{"count":0,"href":"https:\/\/primicias2262.com\/noticias\/wp-json\/wp\/v2\/posts\/98925\/revisions"}],"wp:attachment":[{"href":"https:\/\/primicias2262.com\/noticias\/wp-json\/wp\/v2\/media?parent=98925"}],"wp:term":[{"taxonomy":"category","embeddable":true,"href":"https:\/\/primicias2262.com\/noticias\/wp-json\/wp\/v2\/categories?post=98925"},{"taxonomy":"post_tag","embeddable":true,"href":"https:\/\/primicias2262.com\/noticias\/wp-json\/wp\/v2\/tags?post=98925"}],"curies":[{"name":"wp","href":"https:\/\/api.w.org\/{rel}","templated":true}]}}