{"id":98926,"date":"2023-04-04T09:08:05","date_gmt":"2023-04-04T12:08:05","guid":{"rendered":"https:\/\/primicias2262.com\/?p=98926"},"modified":"2023-04-04T09:08:05","modified_gmt":"2023-04-04T12:08:05","slug":"durante-el-periodo-en-el-concejo-he-aprendido-mucho-y-eso-me-sirve-de-experiencia","status":"publish","type":"post","link":"https:\/\/primicias2262.com\/noticias\/durante-el-periodo-en-el-concejo-he-aprendido-mucho-y-eso-me-sirve-de-experiencia\/","title":{"rendered":"\u201cDurante el periodo en el Concejo he aprendido mucho y eso me sirve de experiencia\u201d"},"content":{"rendered":"<p><strong>As\u00ed lo manifest\u00f3 el Dr. Maximiliano Delfino, quien ser\u00e1 precandidato a intendente por Juntos. El otrora director de Atenci\u00f3n Primaria de Salud y actual concejal, ser\u00e1 el candidato de Gustavo Posse y Mart\u00edn Dom\u00ednguez Yelpo.<\/strong><\/p>\n<p>Al ser consultado sobre tal confirmaci\u00f3n en \u201cVoces de la Ciudad\u201d por parte del periodista Jorge G\u00f3mez, Delfino aleg\u00f3 que \u201cla idea era poder participar dentro del espacio de Juntos como hemos estado siempre y esto se viene gestando hace unos cuantos meses, el objetivo es poder aportar nuestro granito de arena, ahora que tenemos un poco m\u00e1s de experiencia en las arenas pol\u00edticas porque yo ven\u00eda m\u00e1s del \u00e1rea del trabajo, pero en este periodo en el Concejo he aprendido mucho y eso me sirve de experiencia para aportar algo a la ciudad, que es lo m\u00e1s importante para cada ciudadano, poder participar\u201d.<\/p>\n<p>Seguidamente, el profesional mostr\u00f3 una cara reflexiva al definir que \u201cesto te genera una mirada m\u00e1s humilde, porque cuando uno m\u00e1s sabe, m\u00e1s humilde es\u2026 el ba\u00f1o de realidad de todos estos a\u00f1os me han dado la experiencia como para llegar a ser m\u00e1s humilde y escuchar m\u00e1s a la gente\u201d.<\/p>\n<p><a href=\"https:\/\/primicias2262.com\/wp-content\/uploads\/2023\/03\/delfino-y-dominguez-yelpo.jpg\"><img loading=\"lazy\" decoding=\"async\" class=\"aligncenter size-full wp-image-98856\" src=\"https:\/\/primicias2262.com\/wp-content\/uploads\/2023\/03\/delfino-y-dominguez-yelpo.jpg\" alt=\"\" width=\"1024\" height=\"767\" \/><\/a>Argument\u00f3 en ese sentido que \u201cantes uno se basaba m\u00e1s en un discurso propio que en un discurso en base a escuchar a la gente, y eso es lo m\u00e1s importante que se ha aprendido en este camino, poder convocar a la gente y que sean las personas las que participen en los proyectos, construyan y puedan llegar a plasmarlo en la realidad. Uno es un intermediario en esto para que sea la gente la que ponga en el plano real sus deseos y propuestas\u201d.<\/p>\n<p>Finalmente, Delfino afirm\u00f3 que tirar\u00e1n en conjunto con Mart\u00edn Dom\u00ednguez Yelpo, quien aspira a ser nuevamente diputado provincial por la Quinta Secci\u00f3n Electoral; y con Gustavo Posse, quien ser\u00e1 precandidato a gobernador. \u201cLa idea es poder aportar un granito de arena a esta dura realidad del pa\u00eds, y es en los momentos dif\u00edciles es cuando uno tiene que poner el hombro y m\u00e1s participar\u201d, asegur\u00f3.<\/p>\n","protected":false},"excerpt":{"rendered":"<p>As\u00ed lo manifest\u00f3 el Dr. Maximiliano Delfino, quien ser\u00e1 precandidato a intendente por Juntos. El otrora director de Atenci\u00f3n Primaria de Salud y actual concejal, ser\u00e1 el candidato de Gustavo Posse y Mart\u00edn Dom\u00ednguez Yelpo. Al ser consultado sobre tal confirmaci\u00f3n en \u201cVoces de la Ciudad\u201d por parte del periodista Jorge G\u00f3mez, Delfino aleg\u00f3 que [&hellip;]<\/p>\n","protected":false},"author":3,"featured_media":93557,"comment_status":"closed","ping_status":"closed","sticky":false,"template":"","format":"standard","meta":{"footnotes":""},"categories":[3],"tags":[],"class_list":["post-98926","post","type-post","status-publish","format-standard","has-post-thumbnail","category-masnoticias"],"_links":{"self":[{"href":"https:\/\/primicias2262.com\/noticias\/wp-json\/wp\/v2\/posts\/98926","targetHints":{"allow":["GET"]}}],"collection":[{"href":"https:\/\/primicias2262.com\/noticias\/wp-json\/wp\/v2\/posts"}],"about":[{"href":"https:\/\/primicias2262.com\/noticias\/wp-json\/wp\/v2\/types\/post"}],"author":[{"embeddable":true,"href":"https:\/\/primicias2262.com\/noticias\/wp-json\/wp\/v2\/users\/3"}],"replies":[{"embeddable":true,"href":"https:\/\/primicias2262.com\/noticias\/wp-json\/wp\/v2\/comments?post=98926"}],"version-history":[{"count":0,"href":"https:\/\/primicias2262.com\/noticias\/wp-json\/wp\/v2\/posts\/98926\/revisions"}],"wp:attachment":[{"href":"https:\/\/primicias2262.com\/noticias\/wp-json\/wp\/v2\/media?parent=98926"}],"wp:term":[{"taxonomy":"category","embeddable":true,"href":"https:\/\/primicias2262.com\/noticias\/wp-json\/wp\/v2\/categories?post=98926"},{"taxonomy":"post_tag","embeddable":true,"href":"https:\/\/primicias2262.com\/noticias\/wp-json\/wp\/v2\/tags?post=98926"}],"curies":[{"name":"wp","href":"https:\/\/api.w.org\/{rel}","templated":true}]}}