{"id":98932,"date":"2023-04-04T10:32:29","date_gmt":"2023-04-04T13:32:29","guid":{"rendered":"https:\/\/primicias2262.com\/?p=98932"},"modified":"2023-04-04T10:32:29","modified_gmt":"2023-04-04T13:32:29","slug":"patricia-bullrich-es-la-indicada-y-la-mas-preparada-para-este-momento-del-pais","status":"publish","type":"post","link":"https:\/\/primicias2262.com\/noticias\/patricia-bullrich-es-la-indicada-y-la-mas-preparada-para-este-momento-del-pais\/","title":{"rendered":"\u201cPatricia Bullrich es la indicada y la m\u00e1s preparada para este momento del pa\u00eds\u201d"},"content":{"rendered":"<p><strong>As\u00ed lo afirmo uno de los integrantes del PRO en Necochea y de la mesa local de Patricia Bullrich, Hern\u00e1n Trigo Guti\u00e9rrez, durante una nota realizada por el periodista Jorge G\u00f3mez en \u201cVoces de la Ciudad\u201d.<\/strong><\/p>\n<p>D\u00edas despu\u00e9s de la presentaci\u00f3n de la mesa de Patricia Bullrich en Necochea, donde la misma mide muy bien como precandidata a presidente, el expresidente del Concejo Deliberante afirm\u00f3 que \u201cal igual que en la Provincia y el pa\u00eds, se han generado mesas de trabajo que tienen que ver con un objetivo com\u00fan que en este caso es la precandidatura de Patricia, entendiendo que para los armados locales hay tiempo y se ir\u00e1n decantando con el correr de los d\u00edas\u201d.<\/p>\n<p>Reafirmando esto \u00faltimo, Trigo Guti\u00e9rrez asegur\u00f3 que \u201cnos une un proyecto macro de buscar un pa\u00eds distinto y entender que Patricia Bullrich es la indicada y la m\u00e1s preparada para este momento del pa\u00eds\u201d, aportando que \u201cmide bien y creo que con la decisi\u00f3n de Mauricio Macri de no participar se va a notar mucho m\u00e1s favorablemente en los n\u00fameros de Patricia\u201d.<\/p>\n<p>En cuanto a la mirada local, Trigo Guti\u00e9rrez se\u00f1al\u00f3 que \u201cen este momento lo importante es el fortalecimiento del espacio\u201d, y acerca de las grandes problem\u00e1ticas actuales refiri\u00f3 que \u201clas cuestiones macro no las va a resolver el intendente de Necochea, como los temas de inflaci\u00f3n e inseguridad, pod\u00e9s tener una cuota de responsabilidad pero son ejes nacionales, por ah\u00ed en la seguridad podemos tener algo que ver en lo local, pero inflaci\u00f3n\u2026 nosotros no vamos a fijar ni el valor de la nafta, ni del d\u00f3lar\u201d.<\/p>\n<p>Ante ello, mostr\u00f3 una mirada sincera y bastante pesimista, al declarar que \u201csi no se empieza a acomodar lo de arriba, dif\u00edcilmente puedas tener mucho margen de acci\u00f3n en lo local.\u00a0 Todos nos podemos sentar delante de un micr\u00f3fono y decir que esto en cuatro meses es Miami, pero hay que tener responsabilidad al hablar, hay que ser serios y coherentes con la gente\u201d.<\/p>\n<p>Asimismo, Trigo Guti\u00e9rrez asegur\u00f3 estar charlando con los vecinos: \u201cVoy y les toco el timbre y me quedo\u2026 uno m\u00e1s o menos sabe lo que le hace falta a Necochea y los problemas que aquejan y hay que atacar\u201d, y acto seguido, al ser consultado sobre una posible precandidatura, manifest\u00f3 que \u201cmi nombre es una opci\u00f3n, soy un convencido de que en la pol\u00edtica hay que ser inteligente, y si dentro del espacio conviene que encabece el proyecto yo, no tengo ning\u00fan inconveniente, como tampoco tengo vedetismo si el d\u00eda de ma\u00f1ana me dicen que otra persona mide m\u00e1s\u201d.<\/p>\n<p>\u201cCreo que cuando el proyecto es claro lo importante es llegar al poder para ejecutarlo, no por una necesidad o deseo personal, por eso siempre me gust\u00f3 ser parte de un equipo\u201d, acot\u00f3, para concluir insistiendo que \u201csi sirve que vaya de precandidato a Intendente lo har\u00e9, si sirve que vaya en la lista como concejal voy y si sirve estar en casa doblando boletas, me quedo doblando boletas\u201d.<\/p>\n","protected":false},"excerpt":{"rendered":"<p>As\u00ed lo afirmo uno de los integrantes del PRO en Necochea y de la mesa local de Patricia Bullrich, Hern\u00e1n Trigo Guti\u00e9rrez, durante una nota realizada por el periodista Jorge G\u00f3mez en \u201cVoces de la Ciudad\u201d. D\u00edas despu\u00e9s de la presentaci\u00f3n de la mesa de Patricia Bullrich en Necochea, donde la misma mide muy bien [&hellip;]<\/p>\n","protected":false},"author":3,"featured_media":98934,"comment_status":"closed","ping_status":"closed","sticky":false,"template":"","format":"standard","meta":{"footnotes":""},"categories":[3],"tags":[],"class_list":["post-98932","post","type-post","status-publish","format-standard","has-post-thumbnail","category-masnoticias"],"_links":{"self":[{"href":"https:\/\/primicias2262.com\/noticias\/wp-json\/wp\/v2\/posts\/98932","targetHints":{"allow":["GET"]}}],"collection":[{"href":"https:\/\/primicias2262.com\/noticias\/wp-json\/wp\/v2\/posts"}],"about":[{"href":"https:\/\/primicias2262.com\/noticias\/wp-json\/wp\/v2\/types\/post"}],"author":[{"embeddable":true,"href":"https:\/\/primicias2262.com\/noticias\/wp-json\/wp\/v2\/users\/3"}],"replies":[{"embeddable":true,"href":"https:\/\/primicias2262.com\/noticias\/wp-json\/wp\/v2\/comments?post=98932"}],"version-history":[{"count":0,"href":"https:\/\/primicias2262.com\/noticias\/wp-json\/wp\/v2\/posts\/98932\/revisions"}],"wp:attachment":[{"href":"https:\/\/primicias2262.com\/noticias\/wp-json\/wp\/v2\/media?parent=98932"}],"wp:term":[{"taxonomy":"category","embeddable":true,"href":"https:\/\/primicias2262.com\/noticias\/wp-json\/wp\/v2\/categories?post=98932"},{"taxonomy":"post_tag","embeddable":true,"href":"https:\/\/primicias2262.com\/noticias\/wp-json\/wp\/v2\/tags?post=98932"}],"curies":[{"name":"wp","href":"https:\/\/api.w.org\/{rel}","templated":true}]}}