{"id":98936,"date":"2023-04-04T12:28:28","date_gmt":"2023-04-04T15:28:28","guid":{"rendered":"https:\/\/primicias2262.com\/?p=98936"},"modified":"2023-04-04T12:28:28","modified_gmt":"2023-04-04T15:28:28","slug":"este-jueves-6-se-cumpliran-12-anos-del-fallecimiento-de-gaston-guarracino","status":"publish","type":"post","link":"https:\/\/primicias2262.com\/noticias\/este-jueves-6-se-cumpliran-12-anos-del-fallecimiento-de-gaston-guarracino\/","title":{"rendered":"Este jueves 6 se cumplir\u00e1n 12 a\u00f1os del fallecimiento de Gast\u00f3n Guarracino"},"content":{"rendered":"<p><strong>Por Jorge G\u00f3mez<\/strong><\/p>\n<p><a href=\"https:\/\/primicias2262.com\/wp-content\/uploads\/2021\/08\/Gomez.jpg\"><img loading=\"lazy\" decoding=\"async\" class=\"alignleft size-thumbnail wp-image-80409\" src=\"https:\/\/primicias2262.com\/wp-content\/uploads\/2021\/08\/Gomez-150x150.jpg\" alt=\"\" width=\"150\" height=\"150\" \/><\/a><strong>Su figura y actuaci\u00f3n todav\u00eda es considerada y respetada por quienes forjaron relaci\u00f3n con el dirigente pol\u00edtico necochense quien dej\u00f3 de existir a los 43 a\u00f1os siendo senador provincial en un tr\u00e1gico accidente vial ocurrido en aquella noche del 6 de abril de 2011 en la autov\u00eda 2.<\/strong><\/p>\n<p>Un afecto que a\u00fan perdura entre quienes lo conocieron<\/p>\n<p>Este pr\u00f3ximo jueves 6 de abril -Viernes Santo- se estar\u00e1n cumpliendo 12 a\u00f1os de la tr\u00e1gica desaparici\u00f3n f\u00edsica del doctor Gast\u00f3n Guarracino, por entonces senador provincial.<\/p>\n<p>Su figura y su legado, como as\u00ed tambi\u00e9n su impronta p\u00fablica y privada, todav\u00eda es considerada y respetada por aquellos que forjaron relaci\u00f3n con el dirigente pol\u00edtico surgido y promovido desde las entra\u00f1as del peronismo local, con una trayectoria que lo uni\u00f3 hasta el final de los d\u00edas con el tambi\u00e9n desaparecido Ger\u00f3nimo Venegas.<\/p>\n<p>Guarracino, quien al momento de aquel triste acontecimiento contaba con 43 a\u00f1os de edad, falleci\u00f3 como consecuencia de un accidente vial que tuvo lugar por la noche en el kil\u00f3metro 130 de la autov\u00eda 2, cerca de la ciudad de Chascom\u00fas.<\/p>\n<p>Viajaba solo en sentido Buenos Aires-Mar del Plata y el auto que conduc\u00eda se estrell\u00f3 contra el acoplado de un cami\u00f3n cargado de soja.<\/p>\n<p><a href=\"https:\/\/primicias2262.com\/wp-content\/uploads\/2023\/04\/guarracino2.jpeg\"><img loading=\"lazy\" decoding=\"async\" class=\"aligncenter size-full wp-image-98938\" src=\"https:\/\/primicias2262.com\/wp-content\/uploads\/2023\/04\/guarracino2.jpeg\" alt=\"\" width=\"600\" height=\"450\" \/><\/a>Su posterior despedida se desarroll\u00f3 en el Concejo Deliberante de Necochea, \u00e1mbito al que concurri\u00f3 numeroso p\u00fablico de todos los sectores de la comunidad, acercando su p\u00e9same y condolencia a la familia, amigos y allegados, y el consiguiente \u00faltimo adi\u00f3s al dirigente.<\/p>\n<p>Cumpl\u00eda Gast\u00f3n Guarracino en abril de 2011, cuando se conoci\u00f3 el deceso, su segundo mandato no consecutivo como senador por la Quinta Secci\u00f3n Electoral.<\/p>\n<p>Y c\u00f3mo no valorar los anticipos de aquella \u00e9poca que presagiaban que, dado que estaba en pleno desarrollo su candidatura a intendente de Necochea, se encontraba en inmejorables condiciones para acceder a la titularidad del Departamento Ejecutivo municipal.<\/p>\n<p>Ese sue\u00f1o qued\u00f3 trunco y su muerte produjo un fuerte impacto en nuestra comunidad habida cuenta la positiva siembra de respetuosas y positivas vinculaciones que hab\u00eda generado tanto en el \u00e1mbito pol\u00edtico como en el social, el econ\u00f3mico, el comercial, el agropecuario, el portuario y en el resto de la multiplicad de las actividades necochenses y de la regi\u00f3n.<\/p>\n<p><a href=\"https:\/\/primicias2262.com\/wp-content\/uploads\/2023\/04\/guarracino3.jpeg\"><img loading=\"lazy\" decoding=\"async\" class=\"aligncenter size-full wp-image-98939\" src=\"https:\/\/primicias2262.com\/wp-content\/uploads\/2023\/04\/guarracino3.jpeg\" alt=\"\" width=\"1024\" height=\"768\" \/><\/a>Apenas recibido de abogado, en el primer lustro de la d\u00e9cada del \u201990, pas\u00f3 a cubrir en Necochea la titularidad de la Delegaci\u00f3n local del Ministerio de Trabajo de la Provincia de Buenos Aires.<\/p>\n<p>Fue senador provincial en dos ocasiones, Asesor General de Gobierno bonaerense y viceministro de Interior de la Naci\u00f3n, siempre en representaci\u00f3n del peronismo necochense.<\/p>\n<p>Quien escribe estas l\u00edneas lo recuerda con afecto y aprecio, por fuera de las profesionales labores de dirigente de parte de \u00e9l como de periodista de este lado del mostrador.<\/p>\n<p>Su palabra, su acci\u00f3n pol\u00edtica perdura en otras caras, en otras acciones, por citar su inclinaci\u00f3n para que la juventud tuviera exhibici\u00f3n p\u00fablica y actuaci\u00f3n.<\/p>\n<p>De esa decisi\u00f3n surgieron figuras varias, como la del actual intendente de Necochea, doctor Arturo Rojas, por citar un apunte que nos trae a Gast\u00f3n hasta estos d\u00edas.<\/p>\n<p>Una hilera de fotos tomadas al azar, informando de parte de su trayectoria pol\u00edtica, siempre teniendo como meta el proyectar objetivos y prop\u00f3sitos para una mejor Necochea, se apilan en este archivo de instant\u00e1neas.<\/p>\n","protected":false},"excerpt":{"rendered":"<p>Por Jorge G\u00f3mez Su figura y actuaci\u00f3n todav\u00eda es considerada y respetada por quienes forjaron relaci\u00f3n con el dirigente pol\u00edtico necochense quien dej\u00f3 de existir a los 43 a\u00f1os siendo senador provincial en un tr\u00e1gico accidente vial ocurrido en aquella noche del 6 de abril de 2011 en la autov\u00eda 2. Un afecto que a\u00fan [&hellip;]<\/p>\n","protected":false},"author":3,"featured_media":98937,"comment_status":"closed","ping_status":"closed","sticky":false,"template":"","format":"standard","meta":{"footnotes":""},"categories":[5],"tags":[],"class_list":{"0":"post-98936","1":"post","2":"type-post","3":"status-publish","4":"format-standard","5":"has-post-thumbnail","7":"category-neco"},"_links":{"self":[{"href":"https:\/\/primicias2262.com\/noticias\/wp-json\/wp\/v2\/posts\/98936","targetHints":{"allow":["GET"]}}],"collection":[{"href":"https:\/\/primicias2262.com\/noticias\/wp-json\/wp\/v2\/posts"}],"about":[{"href":"https:\/\/primicias2262.com\/noticias\/wp-json\/wp\/v2\/types\/post"}],"author":[{"embeddable":true,"href":"https:\/\/primicias2262.com\/noticias\/wp-json\/wp\/v2\/users\/3"}],"replies":[{"embeddable":true,"href":"https:\/\/primicias2262.com\/noticias\/wp-json\/wp\/v2\/comments?post=98936"}],"version-history":[{"count":0,"href":"https:\/\/primicias2262.com\/noticias\/wp-json\/wp\/v2\/posts\/98936\/revisions"}],"wp:featuredmedia":[{"embeddable":true,"href":"https:\/\/primicias2262.com\/noticias\/wp-json\/"}],"wp:attachment":[{"href":"https:\/\/primicias2262.com\/noticias\/wp-json\/wp\/v2\/media?parent=98936"}],"wp:term":[{"taxonomy":"category","embeddable":true,"href":"https:\/\/primicias2262.com\/noticias\/wp-json\/wp\/v2\/categories?post=98936"},{"taxonomy":"post_tag","embeddable":true,"href":"https:\/\/primicias2262.com\/noticias\/wp-json\/wp\/v2\/tags?post=98936"}],"curies":[{"name":"wp","href":"https:\/\/api.w.org\/{rel}","templated":true}]}}