{"id":98942,"date":"2023-04-04T12:40:03","date_gmt":"2023-04-04T15:40:03","guid":{"rendered":"https:\/\/primicias2262.com\/?p=98942"},"modified":"2023-04-04T12:40:03","modified_gmt":"2023-04-04T15:40:03","slug":"jeronimo-franceschini-nuestro-companero-en-voces-de-la-ciudad-fue-trasplantado","status":"publish","type":"post","link":"https:\/\/primicias2262.com\/noticias\/jeronimo-franceschini-nuestro-companero-en-voces-de-la-ciudad-fue-trasplantado\/","title":{"rendered":"Jer\u00f3nimo Franceschini, nuestro compa\u00f1ero en Voces de la\u00a0 Ciudad, fue trasplantado"},"content":{"rendered":"<p><strong>Por Jorge G\u00f3mez<\/strong><\/p>\n<p><a href=\"https:\/\/primicias2262.com\/wp-content\/uploads\/2021\/08\/Gomez.jpg\"><img loading=\"lazy\" decoding=\"async\" class=\"alignleft size-thumbnail wp-image-80409\" src=\"https:\/\/primicias2262.com\/wp-content\/uploads\/2021\/08\/Gomez-150x150.jpg\" alt=\"\" width=\"150\" height=\"150\" \/><\/a>El estimado Jer\u00f3nimo Franceschini, periodista deportivo local e integrante del equipo de noticias de Voces de la Ciudad -programa de radio y de TV que se emite desde Necochea y Quequ\u00e9n-, fue trasplantado de un ri\u00f1\u00f3n entre la noche del pasado domingo y la madrugada de este \u00faltimo lunes en la ciudad de Buenos Aires.<\/p>\n<p>Su mam\u00e1, Sandra San Pedro, me inform\u00f3 este mediod\u00eda de martes 4 de abril lo siguiente:<\/p>\n<p>\u201cHola Jorge. Noticias las mejores en cuanto a evoluci\u00f3n. Hoy con faja (y) ya lo ponen de pie y a caminar. Su cuerpo est\u00e1 respondiendo muy bien. Sinceramente est\u00e1 teniendo una recuperaci\u00f3n excelente. Muchas gracias por ser la voz para compartir el estado de salud de Jer\u00f3nimo con toda la gente querida y nuestro agradecimiento por todo el cari\u00f1o y la buena energ\u00eda\u201d.<\/p>\n<p>El pasado domingo al mediod\u00eda, m\u00e1s precisamente a las 12.25 hs, Jer\u00f3nimo me mand\u00f3 un mensaje de voz de que lo hab\u00edan llamado desde el INCUCAI porque estaba en la lista como N\u00ba 1 para recibir el trasplante de un ri\u00f1\u00f3n. El hace casi una d\u00e9cada que se dialisa, a la espera de una donaci\u00f3n como la que acaba de suceder.<\/p>\n<p>Ese mismo domingo por la noche, a las 21.35 hs me manda una foto -que adjunto por aqu\u00ed-, d\u00e1ndome cuenta que \u201cen dos horas entro al quir\u00f3fano\u201d, mostrando su alegr\u00eda y sonrisa, una caracter\u00edstica de su personalidad.<\/p>\n<p>De all\u00ed en m\u00e1s el contacto sobre la evoluci\u00f3n m\u00e9dica la mantuve con su mam\u00e1, quien primero nos inform\u00f3 que toda la operaci\u00f3n realizada en Buenos Aires hab\u00eda salido bien, todo excelente, y que hab\u00eda empezado a orinar con el nuevo ri\u00f1oncito que, producto de una donaci\u00f3n de una persona de 28 a\u00f1os, hab\u00eda aceptado su cuerpo.<\/p>\n<p>O sea que no tiene rechazo hasta el momento alguno.<\/p>\n<p>Las horas fueron pasando y este martes doy cuenta por aqu\u00ed de que todo marcha bien, con el testimonio de su mam\u00e1 con la que mantengo contacto durante el d\u00eda, y expresando el afecto y las buenas vibras que le enviamos a Jer\u00f3nimo desde nuestra ciudad para verlo pronto entre nosotros.<\/p>\n","protected":false},"excerpt":{"rendered":"<p>Por Jorge G\u00f3mez El estimado Jer\u00f3nimo Franceschini, periodista deportivo local e integrante del equipo de noticias de Voces de la Ciudad -programa de radio y de TV que se emite desde Necochea y Quequ\u00e9n-, fue trasplantado de un ri\u00f1\u00f3n entre la noche del pasado domingo y la madrugada de este \u00faltimo lunes en la ciudad [&hellip;]<\/p>\n","protected":false},"author":3,"featured_media":98947,"comment_status":"closed","ping_status":"closed","sticky":false,"template":"","format":"standard","meta":{"footnotes":""},"categories":[3],"tags":[],"class_list":["post-98942","post","type-post","status-publish","format-standard","has-post-thumbnail","category-masnoticias"],"_links":{"self":[{"href":"https:\/\/primicias2262.com\/noticias\/wp-json\/wp\/v2\/posts\/98942","targetHints":{"allow":["GET"]}}],"collection":[{"href":"https:\/\/primicias2262.com\/noticias\/wp-json\/wp\/v2\/posts"}],"about":[{"href":"https:\/\/primicias2262.com\/noticias\/wp-json\/wp\/v2\/types\/post"}],"author":[{"embeddable":true,"href":"https:\/\/primicias2262.com\/noticias\/wp-json\/wp\/v2\/users\/3"}],"replies":[{"embeddable":true,"href":"https:\/\/primicias2262.com\/noticias\/wp-json\/wp\/v2\/comments?post=98942"}],"version-history":[{"count":0,"href":"https:\/\/primicias2262.com\/noticias\/wp-json\/wp\/v2\/posts\/98942\/revisions"}],"wp:attachment":[{"href":"https:\/\/primicias2262.com\/noticias\/wp-json\/wp\/v2\/media?parent=98942"}],"wp:term":[{"taxonomy":"category","embeddable":true,"href":"https:\/\/primicias2262.com\/noticias\/wp-json\/wp\/v2\/categories?post=98942"},{"taxonomy":"post_tag","embeddable":true,"href":"https:\/\/primicias2262.com\/noticias\/wp-json\/wp\/v2\/tags?post=98942"}],"curies":[{"name":"wp","href":"https:\/\/api.w.org\/{rel}","templated":true}]}}