{"id":98980,"date":"2023-04-05T11:48:40","date_gmt":"2023-04-05T14:48:40","guid":{"rendered":"https:\/\/primicias2262.com\/?p=98980"},"modified":"2023-04-05T11:48:40","modified_gmt":"2023-04-05T14:48:40","slug":"mario-fernandez-invito-a-celebrar-la-semana-santa-y-brindo-una-reflexion-ante-la-crisis-actual","status":"publish","type":"post","link":"https:\/\/primicias2262.com\/noticias\/mario-fernandez-invito-a-celebrar-la-semana-santa-y-brindo-una-reflexion-ante-la-crisis-actual\/","title":{"rendered":"Mario Fern\u00e1ndez invit\u00f3 a celebrar la Semana Santa y brind\u00f3 una reflexi\u00f3n ante la crisis actual"},"content":{"rendered":"<p><strong>El padre de la parroquia \u00a0Nuestra Se\u00f1ora de la Merced de Quequ\u00e9n, Mario Fern\u00e1ndez, inform\u00f3 sobre las actividades de Semana Santa acentuando en la Pasi\u00f3n viviente que representar\u00e1n, y a la pasada reflexion\u00f3 que ante un contexto de pobreza y violencia creciente es necesario renovarse en la alegr\u00eda que producen las peque\u00f1as cosas cotidianas.<\/strong><\/p>\n<p>En los estudios de \u201cVoces de la Ciudad\u201d, durante una nota realizada por el periodista Jorge G\u00f3mez, Fern\u00e1ndez entr\u00f3 en contexto con esta fecha especial al destacar que \u201ceste jueves entramos al triduo pascual, que son tres d\u00edas que se celebran como si fuera uno solo, tanto jueves, viernes y s\u00e1bado tienen su propia identidad pero nos invita a meternos en la pasi\u00f3n, muerte y resurrecci\u00f3n del Se\u00f1or Jes\u00fas\u201d.<\/p>\n<p>En profundidad detall\u00f3 que \u201cel jueves celebramos la \u00faltima cena con este lindo gesto del lavatorio de los pies, donde vemos la sencillez y humildad de Jes\u00fas que nosotros debemos repetir. La celebraci\u00f3n termina en silencio y as\u00ed empieza el viernes la celebraci\u00f3n de la pasi\u00f3n: empieza y termina en silencio, y el s\u00e1bado que es la vigilia pascual tambi\u00e9n comienza en silencio\u2026 es como que no termina, as\u00ed son las tres celebraciones, y el domingo de pascua terminamos de celebrar\u201d.<\/p>\n<p>En cuanto a la actividad del viernes, resalt\u00f3 que \u201ccomo venimos haciendo hace 28 a\u00f1os, el viernes estar\u00e1 la Pasi\u00f3n viviente en la Plaza de los Ni\u00f1os a las 20\u2026 excepto por la pandemia que no lo pudimos hacer en 2020 y 2021, nuevamente haremos esta representaci\u00f3n en la plaza frente a la iglesia y el Banco Provincia, que es una puesta en escena que yo digo que es un momento de oraci\u00f3n, un momento espiritual donde nos acercamos de una manera distinta, no tanto lit\u00fargicamente. Con la Pasi\u00f3n viviente estuvimos en Lober\u00eda y adem\u00e1s este domingo tambi\u00e9n vamos a San Manuel\u201d.<\/p>\n<p><a href=\"https:\/\/primicias2262.com\/wp-content\/uploads\/2023\/04\/semana-santa-Merced-quequen.jpg\"><img loading=\"lazy\" decoding=\"async\" class=\"aligncenter size-full wp-image-98984\" src=\"https:\/\/primicias2262.com\/wp-content\/uploads\/2023\/04\/semana-santa-Merced-quequen.jpg\" alt=\"\" width=\"678\" height=\"518\" \/><\/a>En dicha representaci\u00f3n la comunidad de Lourdes cuenta con la participaci\u00f3n de m\u00e1s de 80 personas entre los que act\u00faan y quienes est\u00e1n detr\u00e1s de escena con la escenograf\u00eda, vestuario, sonido, iluminaci\u00f3n y cada detalle.<\/p>\n<p>Seguidamente, el padre ofreci\u00f3 una reflexi\u00f3n para la Pascua 2023 ante la dura situaci\u00f3n nacional con pobreza, inflaci\u00f3n y violencia. \u201cLos n\u00fameros van muy mal, pero lo que trato de marcar como lema de esta Pascua es renovarnos en alegr\u00eda porque la vida sigue. No podemos sacar a todos de la pobreza ni solucionar un mont\u00f3n de cosas, pero s\u00ed podemos vivir un poquito mejor, por eso la renovaci\u00f3n de la alegr\u00eda es descubrir dentro de todo lo malo que hay, las cosas buenas que tengo, las peque\u00f1as cosas que puedo tener, redescubrir lo que nos ayude a estar un poco mejor tambi\u00e9n a nivel social, porque esto tiene que ser una renovaci\u00f3n del coraz\u00f3n que nos invite a compartir con el otro\u201d.<\/p>\n<p>En ese sentido, se\u00f1al\u00f3 que \u201cdesde la pandemia se ha generado una especie de individualismo, de me miro yo y nos quedamos con eso, entonces salir al encuentro del otro tambi\u00e9n, que nos renueva la alegr\u00eda y la esperanza. Que lo dif\u00edcil no nos opaque lo poco o mucho que tenemos\u201d.<\/p>\n<p><a href=\"https:\/\/primicias2262.com\/wp-content\/uploads\/2023\/04\/padre-mario-la-merced.jpg\"><img loading=\"lazy\" decoding=\"async\" class=\"aligncenter size-full wp-image-98981\" src=\"https:\/\/primicias2262.com\/wp-content\/uploads\/2023\/04\/padre-mario-la-merced.jpg\" alt=\"\" width=\"1600\" height=\"1200\" \/><\/a>Acot\u00f3 a ello que \u201cen esta semana los cristianos vemos el amor de Dios hacia nosotros, donde el Hijo se da en obediencia hasta la muerte y con eso nos da la vida nueva sin nosotros no haber hecho nada para merecerlo\u2026 al contrario, siempre le erramos, nos estamos equivocando y nos apartamos de ese amor que siempre est\u00e1, entonces esa renovaci\u00f3n es descubrirnos amados por Dios, un amor que se dona sin esperar nada a cambio. El amor de Dios siempre est\u00e1 y nosotros tenemos que ser capaces de reconocerlo en las peque\u00f1as cosas de la vida cotidiana\u201d.<\/p>\n<p>Finalmente, el padre Mario Fern\u00e1ndez manifest\u00f3 que \u201cpor m\u00e1s que sea una frase hecha, la esperanza nunca se pierde, pero para eso tenemos que trabajar todos a conciencia, aportar nuestro granito de arena, nuestros dones en nuestro barrio, familia y lugar de trabajo, y tratar de salir siempre con una sonrisa siempre\u201d.<\/p>\n","protected":false},"excerpt":{"rendered":"<p>El padre de la parroquia \u00a0Nuestra Se\u00f1ora de la Merced de Quequ\u00e9n, Mario Fern\u00e1ndez, inform\u00f3 sobre las actividades de Semana Santa acentuando en la Pasi\u00f3n viviente que representar\u00e1n, y a la pasada reflexion\u00f3 que ante un contexto de pobreza y violencia creciente es necesario renovarse en la alegr\u00eda que producen las peque\u00f1as cosas cotidianas. En [&hellip;]<\/p>\n","protected":false},"author":3,"featured_media":98985,"comment_status":"closed","ping_status":"closed","sticky":false,"template":"","format":"standard","meta":{"footnotes":""},"categories":[3],"tags":[],"class_list":["post-98980","post","type-post","status-publish","format-standard","has-post-thumbnail","category-masnoticias"],"_links":{"self":[{"href":"https:\/\/primicias2262.com\/noticias\/wp-json\/wp\/v2\/posts\/98980","targetHints":{"allow":["GET"]}}],"collection":[{"href":"https:\/\/primicias2262.com\/noticias\/wp-json\/wp\/v2\/posts"}],"about":[{"href":"https:\/\/primicias2262.com\/noticias\/wp-json\/wp\/v2\/types\/post"}],"author":[{"embeddable":true,"href":"https:\/\/primicias2262.com\/noticias\/wp-json\/wp\/v2\/users\/3"}],"replies":[{"embeddable":true,"href":"https:\/\/primicias2262.com\/noticias\/wp-json\/wp\/v2\/comments?post=98980"}],"version-history":[{"count":0,"href":"https:\/\/primicias2262.com\/noticias\/wp-json\/wp\/v2\/posts\/98980\/revisions"}],"wp:attachment":[{"href":"https:\/\/primicias2262.com\/noticias\/wp-json\/wp\/v2\/media?parent=98980"}],"wp:term":[{"taxonomy":"category","embeddable":true,"href":"https:\/\/primicias2262.com\/noticias\/wp-json\/wp\/v2\/categories?post=98980"},{"taxonomy":"post_tag","embeddable":true,"href":"https:\/\/primicias2262.com\/noticias\/wp-json\/wp\/v2\/tags?post=98980"}],"curies":[{"name":"wp","href":"https:\/\/api.w.org\/{rel}","templated":true}]}}