{"id":98992,"date":"2023-04-06T11:29:28","date_gmt":"2023-04-06T14:29:28","guid":{"rendered":"https:\/\/primicias2262.com\/?p=98992"},"modified":"2023-04-06T11:29:28","modified_gmt":"2023-04-06T14:29:28","slug":"obras-en-el-ex-liceo-todos-los-que-intervinimos-en-el-complejo-lo-hicimos-con-la-intencion-de-que-este-mejor","status":"publish","type":"post","link":"https:\/\/primicias2262.com\/noticias\/obras-en-el-ex-liceo-todos-los-que-intervinimos-en-el-complejo-lo-hicimos-con-la-intencion-de-que-este-mejor\/","title":{"rendered":"Obras en el ex Liceo: \u201cTodos los que intervinimos en el complejo lo hicimos con la intenci\u00f3n de que est\u00e9 mejor\u201d"},"content":{"rendered":"<p><strong>As\u00ed lo afirm\u00f3 en \u201cVoces de la Ciudad\u201d el secretario de Planeamiento y Obras P\u00fablicas, Adri\u00e1n Furno, tras las distintas intervenciones conjuntas que se realizan en el Complejo Educativo \u201cJesuita Cardiel\u201d para brindar m\u00e1s seguridad.<\/strong><\/p>\n<p>Al momento de ser consultado por el periodista Jorge G\u00f3mez, el funcionario se encontraba en el complejo en cuesti\u00f3n y contextualiz\u00f3 que \u201cesto arranca con la problem\u00e1tica de la toma que hubo de un espacio interno que fue usurpado, hab\u00eda intrusos que quisieron abusar de una chica, fueron denunciados, la Justicia intervino y los desaloj\u00f3, y a partir de esto se produjo toda una movida, donde primeramente el Consejo Escolar como rector del espacio nos convoc\u00f3 a nosotros y tambi\u00e9n a la Direcci\u00f3n de \u00a0Vialidad, que tiene los terrenos de este espacio\u201d.<\/p>\n<p>Asimismo, \u201cse convoc\u00f3 a todas las comunidades educativas del complejo y a partir de ah\u00ed se tomaron una serie de medidas, algunas de las cuales las estamos llevando a cabo desde el municipio junto con Vialidad, como la demolici\u00f3n del espacio intrusado para dejar m\u00e1s abierto y que haya mejor visibilidad y accesibilidad\u201d, refiri\u00f3 en torno a los paredones.<\/p>\n<p>Adem\u00e1s, repas\u00f3 el tema de la recuperaci\u00f3n de algunas calles internas que ir\u00e1n haciendo, mientras que el Consejo Escolar se aboc\u00f3 a lo lum\u00ednico con las gestiones de Provincia. Por todo ello, se aclara que se articula en aras de poner en valor el lugar y que tenga mayor seguridad, y acerca de ello Furno valor\u00f3 que \u201cel Consejo Escolar se puso al hombro la obra de iluminaci\u00f3n y nos convoc\u00f3 a nosotros para trabajar por el complejo y dotarlo de mayor seguridad\u201d.<\/p>\n<p><a href=\"https:\/\/primicias2262.com\/wp-content\/uploads\/2023\/04\/WhatsApp-Image-2023-04-04-at-9.22.22-PM.jpeg\"><img loading=\"lazy\" decoding=\"async\" class=\"aligncenter size-full wp-image-98997\" src=\"https:\/\/primicias2262.com\/wp-content\/uploads\/2023\/04\/WhatsApp-Image-2023-04-04-at-9.22.22-PM.jpeg\" alt=\"\" width=\"1280\" height=\"964\" \/><\/a><\/p>\n\n<p>En cuanto a otra pol\u00e9mica que se sucit\u00f3 en las \u00faltimas horas, respecto a la demolici\u00f3n de paredones donde funcionaba un skate park, el secretario aclar\u00f3 que \u201ctambi\u00e9n estuvimos reunidos charlando con los chicos del skate park por alg\u00fan proyecto un poco m\u00e1s abarcativo a futuro para mantenerles el espacio y que ellos puedan seguir con sus actividades, pero que tengan visibilidad porque ellos mismos han sido v\u00edctimas de hechos de inseguridad, les han robado bicicletas, e incluso los intrusos los hab\u00edan desplazado del espacio, entonces nosotros lo que vinimos a hacer fue brindar mayor seguridad para las instituciones y para ellos tambi\u00e9n\u201d.<\/p>\n<p>Seguidamente manifest\u00f3 que \u201cojala que a futuro podamos llevar a cabo un skate park mejor que el que tienen\u2026 porque ac\u00e1 la problem\u00e1tica es la complejidad de hacer una inversi\u00f3n en un espacio que no es municipal, sino de Vialidad de Provincia, pero habr\u00e1 que buscar, ponernos de acuerdo y tambi\u00e9n el Consejo Escolar bregar\u00e1 para que ese espacio que hoy estamos limpiando termine como un espacio deportivo en el que se puedan realizar distintas actividades\u201d.<\/p>\n<p><a href=\"https:\/\/primicias2262.com\/wp-content\/uploads\/2023\/04\/03-04-FOTO-trabajos-Liceo3.jpeg\"><img loading=\"lazy\" decoding=\"async\" class=\"aligncenter size-full wp-image-98918\" src=\"https:\/\/primicias2262.com\/wp-content\/uploads\/2023\/04\/03-04-FOTO-trabajos-Liceo3.jpeg\" alt=\"\" width=\"1280\" height=\"597\" \/><\/a>Finalmente, afirm\u00f3 que \u201ctodos los que vinimos al complejo lo hicimos con la intenci\u00f3n de que el complejo est\u00e9 mejor y estamos trabajando y colaborando para eso. Es un polo educativo y hay que brindarle lo que se merece\u201d.<\/p>\n","protected":false},"excerpt":{"rendered":"<p>As\u00ed lo afirm\u00f3 en \u201cVoces de la Ciudad\u201d el secretario de Planeamiento y Obras P\u00fablicas, Adri\u00e1n Furno, tras las distintas intervenciones conjuntas que se realizan en el Complejo Educativo \u201cJesuita Cardiel\u201d para brindar m\u00e1s seguridad. Al momento de ser consultado por el periodista Jorge G\u00f3mez, el funcionario se encontraba en el complejo en cuesti\u00f3n y [&hellip;]<\/p>\n","protected":false},"author":3,"featured_media":98916,"comment_status":"closed","ping_status":"closed","sticky":false,"template":"","format":"standard","meta":{"footnotes":""},"categories":[3],"tags":[],"class_list":["post-98992","post","type-post","status-publish","format-standard","has-post-thumbnail","category-masnoticias"],"_links":{"self":[{"href":"https:\/\/primicias2262.com\/noticias\/wp-json\/wp\/v2\/posts\/98992","targetHints":{"allow":["GET"]}}],"collection":[{"href":"https:\/\/primicias2262.com\/noticias\/wp-json\/wp\/v2\/posts"}],"about":[{"href":"https:\/\/primicias2262.com\/noticias\/wp-json\/wp\/v2\/types\/post"}],"author":[{"embeddable":true,"href":"https:\/\/primicias2262.com\/noticias\/wp-json\/wp\/v2\/users\/3"}],"replies":[{"embeddable":true,"href":"https:\/\/primicias2262.com\/noticias\/wp-json\/wp\/v2\/comments?post=98992"}],"version-history":[{"count":0,"href":"https:\/\/primicias2262.com\/noticias\/wp-json\/wp\/v2\/posts\/98992\/revisions"}],"wp:attachment":[{"href":"https:\/\/primicias2262.com\/noticias\/wp-json\/wp\/v2\/media?parent=98992"}],"wp:term":[{"taxonomy":"category","embeddable":true,"href":"https:\/\/primicias2262.com\/noticias\/wp-json\/wp\/v2\/categories?post=98992"},{"taxonomy":"post_tag","embeddable":true,"href":"https:\/\/primicias2262.com\/noticias\/wp-json\/wp\/v2\/tags?post=98992"}],"curies":[{"name":"wp","href":"https:\/\/api.w.org\/{rel}","templated":true}]}}