{"id":99012,"date":"2023-04-06T11:08:15","date_gmt":"2023-04-06T14:08:15","guid":{"rendered":"https:\/\/primicias2262.com\/?p=99012"},"modified":"2023-04-06T11:08:15","modified_gmt":"2023-04-06T14:08:15","slug":"este-domingo-habra-elecciones-en-la-asociacion-local-de-guardavidas","status":"publish","type":"post","link":"https:\/\/primicias2262.com\/noticias\/este-domingo-habra-elecciones-en-la-asociacion-local-de-guardavidas\/","title":{"rendered":"Este domingo habr\u00e1 elecciones en la Asociaci\u00f3n local de Guardavidas"},"content":{"rendered":"<p><strong>La lista oficialista \u201cCeleste y Blanca\u201d volver\u00e1 a estar encabezada por Pablo Su\u00e1rez, mientras que la opositora, la \u201cAmarilla\u201d, tendr\u00e1 como m\u00e1xima referente a Mariano Di Fiori.<\/strong><\/p>\n<p>En vistas a ello, el periodista Jorge G\u00f3mez realiz\u00f3 una breve nota telef\u00f3nica con el actual presidente desde hace dos gestiones de la AGNQ, Pablo Su\u00e1rez, quien inform\u00f3 que un padr\u00f3n de 115 afiliados podr\u00e1n acercarse a votar este domingo 9 de abril entre las 11 y las 17 en la sede de la Asociaci\u00f3n, en calle 20 entre 63 y 65.<\/p>\n<p>\u201cEste domingo habr\u00e1 elecciones para renovar las autoridades de la comisi\u00f3n directiva, aunque recordamos que todav\u00eda continuamos con la cobertura de Guardavidas hasta el 15 de abril, ya con un servicio un poco m\u00e1s reducido en cobertura, pero con gran cantidad de guardavidas que todav\u00eda est\u00e1n trabajando y que esperamos a votar\u201d, aclar\u00f3 Su\u00e1rez antes que nada.<\/p>\n<p>Acerca del padr\u00f3n que votar\u00e1 de se votar\u00e1 de 11 a 17 hs., manifest\u00f3 que \u201c15 es un buen n\u00famero para que la elecci\u00f3n sea importante\u201d, y cuando fue consultado sobre diferencias con su opositor se dedic\u00f3 a repasar logros de su gesti\u00f3n con un breve resumen.<\/p>\n<p>\u201cMuchas veces de afuera se ve c\u00f3mo la situaci\u00f3n es complicada y que las cosas pueden solucionarse de manera m\u00e1s f\u00e1cil, y la gente apunta a una cierta renovaci\u00f3n, pero nosotros venimos de dos gestiones y pretendemos continuar con lo que tiene que ver con la confianza de compa\u00f1eros que han podido realizarse en muchas cuestiones y hemos tenidos muchos logros estos a\u00f1os\u201d, resalt\u00f3.<\/p>\n<p>En ese sentido, Su\u00e1rez acentu\u00f3 los hechos de pasar de una categor\u00eda municipal; extender la temporada a 150 d\u00edas; y ser part\u00edcipes de la \u00faltima parte del entramado para la creaci\u00f3n de la Ley provincial de Guardavidas junto a dem\u00e1s gremios de la costa, entre otras cosas, aunque reconoci\u00f3 que \u201ccreemos que todav\u00eda hay mucho por hacer\u201d.<\/p>\n<p>Respecto a esto \u00faltimo, puntualiz\u00f3 que \u201cestamos con sueldos un poco debajo de lo que pretendemos as\u00ed que la idea es seguir trabajando con mucha gesti\u00f3n y responsabilidad, con mucho compromiso y sobre todo con muchas convicciones\u201d.<\/p>\n","protected":false},"excerpt":{"rendered":"<p>La lista oficialista \u201cCeleste y Blanca\u201d volver\u00e1 a estar encabezada por Pablo Su\u00e1rez, mientras que la opositora, la \u201cAmarilla\u201d, tendr\u00e1 como m\u00e1xima referente a Mariano Di Fiori. En vistas a ello, el periodista Jorge G\u00f3mez realiz\u00f3 una breve nota telef\u00f3nica con el actual presidente desde hace dos gestiones de la AGNQ, Pablo Su\u00e1rez, quien inform\u00f3 [&hellip;]<\/p>\n","protected":false},"author":3,"featured_media":85833,"comment_status":"closed","ping_status":"closed","sticky":false,"template":"","format":"standard","meta":{"footnotes":""},"categories":[5],"tags":[],"class_list":{"0":"post-99012","1":"post","2":"type-post","3":"status-publish","4":"format-standard","5":"has-post-thumbnail","7":"category-neco"},"_links":{"self":[{"href":"https:\/\/primicias2262.com\/noticias\/wp-json\/wp\/v2\/posts\/99012","targetHints":{"allow":["GET"]}}],"collection":[{"href":"https:\/\/primicias2262.com\/noticias\/wp-json\/wp\/v2\/posts"}],"about":[{"href":"https:\/\/primicias2262.com\/noticias\/wp-json\/wp\/v2\/types\/post"}],"author":[{"embeddable":true,"href":"https:\/\/primicias2262.com\/noticias\/wp-json\/wp\/v2\/users\/3"}],"replies":[{"embeddable":true,"href":"https:\/\/primicias2262.com\/noticias\/wp-json\/wp\/v2\/comments?post=99012"}],"version-history":[{"count":0,"href":"https:\/\/primicias2262.com\/noticias\/wp-json\/wp\/v2\/posts\/99012\/revisions"}],"wp:featuredmedia":[{"embeddable":true,"href":"https:\/\/primicias2262.com\/noticias\/wp-json\/"}],"wp:attachment":[{"href":"https:\/\/primicias2262.com\/noticias\/wp-json\/wp\/v2\/media?parent=99012"}],"wp:term":[{"taxonomy":"category","embeddable":true,"href":"https:\/\/primicias2262.com\/noticias\/wp-json\/wp\/v2\/categories?post=99012"},{"taxonomy":"post_tag","embeddable":true,"href":"https:\/\/primicias2262.com\/noticias\/wp-json\/wp\/v2\/tags?post=99012"}],"curies":[{"name":"wp","href":"https:\/\/api.w.org\/{rel}","templated":true}]}}