{"id":99031,"date":"2023-04-10T09:48:50","date_gmt":"2023-04-10T12:48:50","guid":{"rendered":"https:\/\/primicias2262.com\/?p=99031"},"modified":"2023-04-10T09:48:50","modified_gmt":"2023-04-10T12:48:50","slug":"pablo-suarez-fue-reelecto-titular-de-los-guardavidas","status":"publish","type":"post","link":"https:\/\/primicias2262.com\/noticias\/pablo-suarez-fue-reelecto-titular-de-los-guardavidas\/","title":{"rendered":"Pablo Su\u00e1rez fue reelecto titular de los Guardavidas"},"content":{"rendered":"<p><strong>Pablo Su\u00e1rez fue reelecto este domingo como Secretario General de la Asociaci\u00f3n de Guardavidas Necochea Quequen, tras realizarse la elecci\u00f3n de autoridades en las que el oficialismo se impuso claramente ante la lista opositora.<\/strong><\/p>\n<p>En un acto eleccionario realizado en su sede ubicada en calle 20 N\u00b03162 y con casi el 90% de votantes de su padr\u00f3n electoral, resulto vencedora la lista \u00ab17 de Febrero\u00bb, encabezada por Pablo Suarez como Secretario general y Sebastian Martinez como Secretario Adjunto, con 62 votos a 37 de la lista \u00abguardavidas unidos\u00bb .<\/p>\n<p>Las autoridades de la A.G.N.Q. agradecieron el apoyo de todos los compa\u00f1eros, resaltaron\u00a0 el acto eleccionario, por casi el\u00a0 90% de votantes y manifestaron sentirse muy orgullosos y emocionados, por el dep\u00f3sito de confianza en este 3er mandato para representar a sus compa\u00f1eros.<\/p>\n<p><a href=\"https:\/\/primicias2262.com\/wp-content\/uploads\/2023\/04\/guardavidas-oficialismo.jpeg\"><img loading=\"lazy\" decoding=\"async\" class=\"aligncenter size-full wp-image-99032\" src=\"https:\/\/primicias2262.com\/wp-content\/uploads\/2023\/04\/guardavidas-oficialismo.jpeg\" alt=\"\" width=\"1024\" height=\"764\" \/><\/a><\/p>\n","protected":false},"excerpt":{"rendered":"<p>Pablo Su\u00e1rez fue reelecto este domingo como Secretario General de la Asociaci\u00f3n de Guardavidas Necochea Quequen, tras realizarse la elecci\u00f3n de autoridades en las que el oficialismo se impuso claramente ante la lista opositora. En un acto eleccionario realizado en su sede ubicada en calle 20 N\u00b03162 y con casi el 90% de votantes de [&hellip;]<\/p>\n","protected":false},"author":3,"featured_media":99033,"comment_status":"closed","ping_status":"closed","sticky":false,"template":"","format":"standard","meta":{"footnotes":""},"categories":[3],"tags":[],"class_list":["post-99031","post","type-post","status-publish","format-standard","has-post-thumbnail","category-masnoticias"],"_links":{"self":[{"href":"https:\/\/primicias2262.com\/noticias\/wp-json\/wp\/v2\/posts\/99031","targetHints":{"allow":["GET"]}}],"collection":[{"href":"https:\/\/primicias2262.com\/noticias\/wp-json\/wp\/v2\/posts"}],"about":[{"href":"https:\/\/primicias2262.com\/noticias\/wp-json\/wp\/v2\/types\/post"}],"author":[{"embeddable":true,"href":"https:\/\/primicias2262.com\/noticias\/wp-json\/wp\/v2\/users\/3"}],"replies":[{"embeddable":true,"href":"https:\/\/primicias2262.com\/noticias\/wp-json\/wp\/v2\/comments?post=99031"}],"version-history":[{"count":0,"href":"https:\/\/primicias2262.com\/noticias\/wp-json\/wp\/v2\/posts\/99031\/revisions"}],"wp:attachment":[{"href":"https:\/\/primicias2262.com\/noticias\/wp-json\/wp\/v2\/media?parent=99031"}],"wp:term":[{"taxonomy":"category","embeddable":true,"href":"https:\/\/primicias2262.com\/noticias\/wp-json\/wp\/v2\/categories?post=99031"},{"taxonomy":"post_tag","embeddable":true,"href":"https:\/\/primicias2262.com\/noticias\/wp-json\/wp\/v2\/tags?post=99031"}],"curies":[{"name":"wp","href":"https:\/\/api.w.org\/{rel}","templated":true}]}}