{"id":99035,"date":"2023-04-10T09:50:45","date_gmt":"2023-04-10T12:50:45","guid":{"rendered":"https:\/\/primicias2262.com\/?p=99035"},"modified":"2023-04-10T09:50:45","modified_gmt":"2023-04-10T12:50:45","slug":"secuestraron-cables-de-la-upc-que-robaron-en-quequen-y-pidieron-la-detencion-de-un-hombre","status":"publish","type":"post","link":"https:\/\/primicias2262.com\/noticias\/secuestraron-cables-de-la-upc-que-robaron-en-quequen-y-pidieron-la-detencion-de-un-hombre\/","title":{"rendered":"Secuestraron cables de la UPC que robaron en Quequ\u00e9n y pidieron la detenci\u00f3n de un hombre"},"content":{"rendered":"<p><strong>La polic\u00eda efectiviz\u00f3 en las \u00faltimas horas tres allanamientos en relaci\u00f3n a una investigaci\u00f3n que se realiz\u00f3 luego de la denuncia por el robo de cables de la UPC durante la madrugada del jueves en Quequ\u00e9n.<\/strong><\/p>\n<p>Un sujeto, identificado como Alberto Alejandro Palazzini, de 33 a\u00f1os y con amplios antecedentes delictivos, est\u00e1 implicado en el accionar delictivo por lo que se solicit\u00f3 la detenci\u00f3n al Juzgado de Garant\u00edas N\u00b0 2.<\/p>\n<p>En su vivienda de la calle 570 al 1300, donde se realiz\u00f3 uno de los procedimientos, se secuestraron cables y restos del material que ya hab\u00eda sido incinerado para la posterior comercializaci\u00f3n del cobre.<\/p>\n<p>El hombre investigado no se encontraba en la vivienda en el momento del allanamiento por lo que los investigadores notificaron su averiguaci\u00f3n de paradero y solicitaron una orden de detenci\u00f3n.<\/p>\n<p>En los otros dos allanamientos efectuados, tambi\u00e9n en domicilios de Quequ\u00e9n, no se hallaron elementos de inter\u00e9s para la causa seg\u00fan se inform\u00f3.<\/p>\n<p>Las actuaciones se instruyen en la fiscal\u00eda N\u00b0 3.<\/p>\n","protected":false},"excerpt":{"rendered":"<p>La polic\u00eda efectiviz\u00f3 en las \u00faltimas horas tres allanamientos en relaci\u00f3n a una investigaci\u00f3n que se realiz\u00f3 luego de la denuncia por el robo de cables de la UPC durante la madrugada del jueves en Quequ\u00e9n. Un sujeto, identificado como Alberto Alejandro Palazzini, de 33 a\u00f1os y con amplios antecedentes delictivos, est\u00e1 implicado en el [&hellip;]<\/p>\n","protected":false},"author":3,"featured_media":79508,"comment_status":"closed","ping_status":"closed","sticky":false,"template":"","format":"standard","meta":{"footnotes":""},"categories":[3],"tags":[],"class_list":["post-99035","post","type-post","status-publish","format-standard","has-post-thumbnail","category-masnoticias"],"_links":{"self":[{"href":"https:\/\/primicias2262.com\/noticias\/wp-json\/wp\/v2\/posts\/99035","targetHints":{"allow":["GET"]}}],"collection":[{"href":"https:\/\/primicias2262.com\/noticias\/wp-json\/wp\/v2\/posts"}],"about":[{"href":"https:\/\/primicias2262.com\/noticias\/wp-json\/wp\/v2\/types\/post"}],"author":[{"embeddable":true,"href":"https:\/\/primicias2262.com\/noticias\/wp-json\/wp\/v2\/users\/3"}],"replies":[{"embeddable":true,"href":"https:\/\/primicias2262.com\/noticias\/wp-json\/wp\/v2\/comments?post=99035"}],"version-history":[{"count":0,"href":"https:\/\/primicias2262.com\/noticias\/wp-json\/wp\/v2\/posts\/99035\/revisions"}],"wp:attachment":[{"href":"https:\/\/primicias2262.com\/noticias\/wp-json\/wp\/v2\/media?parent=99035"}],"wp:term":[{"taxonomy":"category","embeddable":true,"href":"https:\/\/primicias2262.com\/noticias\/wp-json\/wp\/v2\/categories?post=99035"},{"taxonomy":"post_tag","embeddable":true,"href":"https:\/\/primicias2262.com\/noticias\/wp-json\/wp\/v2\/tags?post=99035"}],"curies":[{"name":"wp","href":"https:\/\/api.w.org\/{rel}","templated":true}]}}