{"id":99042,"date":"2023-04-10T13:32:28","date_gmt":"2023-04-10T16:32:28","guid":{"rendered":"https:\/\/primicias2262.com\/?p=99042"},"modified":"2023-04-10T13:32:28","modified_gmt":"2023-04-10T16:32:28","slug":"continuar-trabajando-por-mas-logros-para-el-guardavidas-y-para-que-el-servicio-siga-siendo-eficaz","status":"publish","type":"post","link":"https:\/\/primicias2262.com\/noticias\/continuar-trabajando-por-mas-logros-para-el-guardavidas-y-para-que-el-servicio-siga-siendo-eficaz\/","title":{"rendered":"\u201cContinuar trabajando por m\u00e1s logros para el guardavidas y para que el servicio siga siendo eficaz\u201d"},"content":{"rendered":"<p><strong>As\u00ed lo defini\u00f3 Pablo Su\u00e1rez, el reelecto secretario general de la Asociaci\u00f3n de Guardavidas de Necochea y Quequ\u00e9n, durante una nota telef\u00f3nica en \u201cVoces de la Ciudad\u201d, pocas horas despu\u00e9s que su lista, la 17 de febrero, se impusiera por 62 votos a 37 sobre la opositora de mariano Di Fiori.<\/strong><\/p>\n<p>Al ser consultado por el periodista Jorge G\u00f3mez, Su\u00e1rez expres\u00f3 que est\u00e1n muy contentos y en l\u00edneas generales con orgullo por seguir contando con el compromiso y responsabilidad de los compa\u00f1eros que se dieron cita en un 90% del padr\u00f3n, \u201clo cual es muy importante, y adem\u00e1s la felicidad por tener continuidad\u2026 gracias a los compa\u00f1eros que vuelven a depositar su confianza en esta comisi\u00f3n directiva\u201d, manifest\u00f3.<\/p>\n<p>A partir de la confianza renovada por otros cuatro a\u00f1os, asegur\u00f3 que \u201cesto no deja de volver a cargarnos de responsabilidad y compromiso para seguir trabajando, tratamos de ser una conducci\u00f3n horizontal y sin el apoyo de todos los compa\u00f1eros de comisi\u00f3n directiva esto no se podr\u00eda hacer\u201d.<\/p>\n<p>Al referirse a la lista opositora, mencion\u00f3 que las puertas de la Asociaci\u00f3n de Guardavidas est\u00e1n abiertas: \u201cInvitamos a los compa\u00f1eros de la otra lista a poder trabajar con nosotros en pos de buscar soluciones a los problemas que van apareciendo\u201d, sobre lo que acot\u00f3 que \u201chay que continuar trabajando para que el servicio siga siendo eficaz y continuar con logros para el guardavida trabajador\u201d.<\/p>\n<p>Finalmente, en vistas al cierre de la cobertura del servicio el venidero s\u00e1bado 15 de abril, Su\u00e1rez anticip\u00f3 que \u201cse termina una temporada que fue muy intensa, con gran flujo de gente y en cuanto a la cantidad de rescates, las camionetas para trasladar v\u00edctimas tuvieron mucho trabajo y se registr\u00f3 un marzo muy intenso con casos de gente que ingres\u00f3 en paros card\u00edacos\u201d, por lo cual afirm\u00f3 que \u201cnos llena de orgulloso el trabajo de los compa\u00f1eros, se vio la importancia de contar hoy en d\u00eda con desfibriladores, que salvan vidas, y ser\u00eda muy importante que para la pr\u00f3xima temporada el Estado Municipal pueda exigirle a los balnearios contar con un DEA\u201d.<\/p>\n","protected":false},"excerpt":{"rendered":"<p>As\u00ed lo defini\u00f3 Pablo Su\u00e1rez, el reelecto secretario general de la Asociaci\u00f3n de Guardavidas de Necochea y Quequ\u00e9n, durante una nota telef\u00f3nica en \u201cVoces de la Ciudad\u201d, pocas horas despu\u00e9s que su lista, la 17 de febrero, se impusiera por 62 votos a 37 sobre la opositora de mariano Di Fiori. Al ser consultado por [&hellip;]<\/p>\n","protected":false},"author":3,"featured_media":98548,"comment_status":"closed","ping_status":"closed","sticky":false,"template":"","format":"standard","meta":{"footnotes":""},"categories":[3],"tags":[],"class_list":["post-99042","post","type-post","status-publish","format-standard","has-post-thumbnail","category-masnoticias"],"_links":{"self":[{"href":"https:\/\/primicias2262.com\/noticias\/wp-json\/wp\/v2\/posts\/99042","targetHints":{"allow":["GET"]}}],"collection":[{"href":"https:\/\/primicias2262.com\/noticias\/wp-json\/wp\/v2\/posts"}],"about":[{"href":"https:\/\/primicias2262.com\/noticias\/wp-json\/wp\/v2\/types\/post"}],"author":[{"embeddable":true,"href":"https:\/\/primicias2262.com\/noticias\/wp-json\/wp\/v2\/users\/3"}],"replies":[{"embeddable":true,"href":"https:\/\/primicias2262.com\/noticias\/wp-json\/wp\/v2\/comments?post=99042"}],"version-history":[{"count":0,"href":"https:\/\/primicias2262.com\/noticias\/wp-json\/wp\/v2\/posts\/99042\/revisions"}],"wp:attachment":[{"href":"https:\/\/primicias2262.com\/noticias\/wp-json\/wp\/v2\/media?parent=99042"}],"wp:term":[{"taxonomy":"category","embeddable":true,"href":"https:\/\/primicias2262.com\/noticias\/wp-json\/wp\/v2\/categories?post=99042"},{"taxonomy":"post_tag","embeddable":true,"href":"https:\/\/primicias2262.com\/noticias\/wp-json\/wp\/v2\/tags?post=99042"}],"curies":[{"name":"wp","href":"https:\/\/api.w.org\/{rel}","templated":true}]}}