{"id":99045,"date":"2023-04-10T11:53:10","date_gmt":"2023-04-10T14:53:10","guid":{"rendered":"https:\/\/primicias2262.com\/?p=99045"},"modified":"2023-04-10T11:53:10","modified_gmt":"2023-04-10T14:53:10","slug":"nuestro-lema-de-campana-y-el-sentido-del-espacio-es-hacemos-necochea","status":"publish","type":"post","link":"https:\/\/primicias2262.com\/noticias\/nuestro-lema-de-campana-y-el-sentido-del-espacio-es-hacemos-necochea\/","title":{"rendered":"\u201cNuestro lema de campa\u00f1a y el sentido del espacio es \u2018Hacemos Necochea\u2019\u201d"},"content":{"rendered":"<p><strong>El referente del Movimiento Evita y precandidato a intendente por el Frente de Todos, Luciano Lescano, pas\u00f3 por los estudios de Voces de la Ciudad y levant\u00f3 la bandera del trabajo con ra\u00edz local que vienen desarrollando desde dicho espacio.<\/strong><\/p>\n<p>En di\u00e1logo con el periodista Jorge G\u00f3mez, Lescano manifest\u00f3 que hace unos d\u00edas realizaron un plenario a seis a\u00f1os del femicidio de Micaela Garc\u00eda (quien era una activa militante del Movimiento Evita) y aprovecharon para invitar a participar a compa\u00f1eros, militantes, vecinos y allegados.<\/p>\n<p>\u201cLa idea era realizar un encuentro para debatir y escuchar a la gente sobre las demandas principales\u201d, se\u00f1al\u00f3, y puntualiz\u00f3 que \u201cse dividi\u00f3 en tres comisiones que nos ocupan, con temas como h\u00e1bitat y trabajo, medio ambiente, cultura y salud, que vemos todos los d\u00edas que hay dificultades y tenemos que aportar a un proyecto pol\u00edtico, el cual voy a encabezar pero en el que buscamos aunar fuerzas con otras organizaciones\u201d.<\/p>\n<p>Sobre la obra de infraestructura en el Barrio Los \u00c1lamos, que fue financiada por el impuesto Pa\u00eds a trav\u00e9s del gobierno nacional, el precandidato a Intendente afirm\u00f3 orgulloso que \u201cpara nosotros es un logro y nos permite poder demostrarle a la ciudadan\u00eda que trabajamos y hacemos, y por eso el lema de nuestra campa\u00f1a y el sentido del espacio es \u201cHacemos Necochea\u201d\u2026 es el nombre de un espacio m\u00e1s amplio que el del Movimiento Evita\u201d.<\/p>\n<p>En ese sentido, manifest\u00f3 entender que hay otros candidatos en el Frente de Todos tambi\u00e9n, y \u201cnosotros tenemos intenci\u00f3n de participar en las PASO, apoyamos la mirada pol\u00edtica del presidente Alberto Fern\u00e1ndez sobre las PASO, a las que hay que democratizar porque son una herramienta para que se potencien los espacios pol\u00edticos, algo que fue muy bien utilizado por Cambiemos en su momento\u201d, especific\u00f3<\/p>\n<p>Seguidamente, Lescano fij\u00f3 como prioridad que \u201chay que darle opciones a la ciudadan\u00eda, proyectos y mostrarles realidades. Tenemos una mesa pol\u00edtica dentro del Movimiento Evita donde se toman decisiones democr\u00e1ticas, se debaten y discuten cuestiones\u201d.<\/p>\n<p>Actualmente, Luciano tiene 38 a\u00f1os y una hija de 17 a\u00f1os que tiene pensado irse a estudiar el a\u00f1o que viene, y acerca de ello brind\u00f3 una reflexi\u00f3n con mirada local: \u201cEso me hace \u00a0pensar muchas cosas, por ejemplo los j\u00f3venes en Necochea y la falta de oportunidades que hace que tengan que terminar migrando. Me molesta desde que era estudiante, y si bien se ampli\u00f3 la oferta en Necochea con institutos terciarios, no deja de ser un tema\u201d.<\/p>\n<p>Finalmente, quien est\u00e1 representado a nivel nacional por \u201cLa Patria de los Comunes\u201d, liderado por Emilio P\u00e9rsico, asever\u00f3 que \u201cva haber dos espacios muy marcados en el Frente de Todos, pero no hay que tenerlo miedo a la discusi\u00f3n y el debate. En el Movimiento Evita nos gusta mucho darle un perfil local al espacio, pensar en Necochea porque nosotros militamos para nuestro pago\u201d.<\/p>\n","protected":false},"excerpt":{"rendered":"<p>El referente del Movimiento Evita y precandidato a intendente por el Frente de Todos, Luciano Lescano, pas\u00f3 por los estudios de Voces de la Ciudad y levant\u00f3 la bandera del trabajo con ra\u00edz local que vienen desarrollando desde dicho espacio. En di\u00e1logo con el periodista Jorge G\u00f3mez, Lescano manifest\u00f3 que hace unos d\u00edas realizaron un [&hellip;]<\/p>\n","protected":false},"author":3,"featured_media":99046,"comment_status":"closed","ping_status":"closed","sticky":false,"template":"","format":"standard","meta":{"footnotes":""},"categories":[3],"tags":[],"class_list":["post-99045","post","type-post","status-publish","format-standard","has-post-thumbnail","category-masnoticias"],"_links":{"self":[{"href":"https:\/\/primicias2262.com\/noticias\/wp-json\/wp\/v2\/posts\/99045","targetHints":{"allow":["GET"]}}],"collection":[{"href":"https:\/\/primicias2262.com\/noticias\/wp-json\/wp\/v2\/posts"}],"about":[{"href":"https:\/\/primicias2262.com\/noticias\/wp-json\/wp\/v2\/types\/post"}],"author":[{"embeddable":true,"href":"https:\/\/primicias2262.com\/noticias\/wp-json\/wp\/v2\/users\/3"}],"replies":[{"embeddable":true,"href":"https:\/\/primicias2262.com\/noticias\/wp-json\/wp\/v2\/comments?post=99045"}],"version-history":[{"count":0,"href":"https:\/\/primicias2262.com\/noticias\/wp-json\/wp\/v2\/posts\/99045\/revisions"}],"wp:attachment":[{"href":"https:\/\/primicias2262.com\/noticias\/wp-json\/wp\/v2\/media?parent=99045"}],"wp:term":[{"taxonomy":"category","embeddable":true,"href":"https:\/\/primicias2262.com\/noticias\/wp-json\/wp\/v2\/categories?post=99045"},{"taxonomy":"post_tag","embeddable":true,"href":"https:\/\/primicias2262.com\/noticias\/wp-json\/wp\/v2\/tags?post=99045"}],"curies":[{"name":"wp","href":"https:\/\/api.w.org\/{rel}","templated":true}]}}