{"id":99048,"date":"2023-04-10T11:55:25","date_gmt":"2023-04-10T14:55:25","guid":{"rendered":"https:\/\/primicias2262.com\/?p=99048"},"modified":"2023-04-10T11:55:25","modified_gmt":"2023-04-10T14:55:25","slug":"el-proyecto-manganeta-sale-de-gira-esta-semana-en-el-bibliomovil","status":"publish","type":"post","link":"https:\/\/primicias2262.com\/noticias\/el-proyecto-manganeta-sale-de-gira-esta-semana-en-el-bibliomovil\/","title":{"rendered":"El proyecto Manganeta sale de gira esta semana en el Bibliom\u00f3vil"},"content":{"rendered":"<p><strong>Recorrer\u00e1 localidades de la zona con talleres de lectura y dibujo manga.<\/strong><\/p>\n<p>El Centro Cultural Necochea Biblioteca Popular Andr\u00e9s Ferreyra (CCN\/BPAF) subir\u00e1 el proyecto Manganeta al Bibliom\u00f3vil para realizar una gira en distintas localidades de la zona. Se trata de libros, lecturas, muestra itinerante y talleres de dibujo manga e historietas.<\/p>\n<p>Cabe destacar que el CCN\/BPAF posee una nutrida biblioteca de manga e historietas que logr\u00f3 enriquecer gracias a la compra de ejemplares en el marco del proyecto Manganeta y en funci\u00f3n de la demanda de las adolescencias.<\/p>\n<p>Con el objetivo de poder llegar con este material a los p\u00fablicos que se encuentran alejados de la sede de la Biblioteca, se dise\u00f1\u00f3 la siguiente agenda:<\/p>\n<p><strong>&#8211; <u>Martes 11 de abril en Juan N. Fern\u00e1ndez:<\/u>\u00a0<\/strong><\/p>\n<p>Lectura y muestra itinerante. Taller: ven\u00ed a dibujar manga con @kmi.wip y @lumi.musta<\/p>\n<p>10:00 horas: Escuela Primaria N\u00ba 17(calle 26 N\u00ba 1321)<\/p>\n<p>12:00 horas: Biblioteca Popular Jos\u00e9 Hern\u00e1ndez (Calle 35 N\u00b0 1367)<\/p>\n<p><strong>&#8211; <u>Mi\u00e9rcoles 12<\/u><\/strong><u>\u00a0<strong>de abril en San Cayetano<\/strong><\/u><\/p>\n<p>Lectura y muestra itinerante. Taller: ven\u00ed a dibujar manga con @kmi.wip y @lumi.musta<\/p>\n<p>15:00\u00a0 horas: Espacio Cultural Municipal (Belgrano N\u00ba 353)<\/p>\n<p>18:00 horas: Biblioteca Popular Bernardino Rivadavia (Belgrano N\u00ba 266)<\/p>\n<p>&#8211; <strong><u>Jueves 13<\/u><\/strong><u>\u00a0<strong>en La Dulce<\/strong><\/u><\/p>\n<p>Lectura y muestra itinerante. Taller: ven\u00ed a dibujar manga con @kmi.wip y @lumi.musta<\/p>\n<p>14:30 horas: Fundaci\u00f3n La Dulce. Biblioteca P\u00fablica Mariano Moreno (calle 24 N\u00ba 1020)<\/p>\n<p>16:00 horas: Plaza de Malvinas<\/p>\n<p>&#8211; <strong><u>Viernes 14<\/u><\/strong><strong><u>\u00a0en Tres Arroyos<\/u><\/strong><\/p>\n<p>Lectura y muestra itinerante. Taller: ven\u00ed a dibujar manga con @kmi.wip y @lumi.musta<\/p>\n<p>15:00 horas: Biblioteca Popular Jos\u00e9 Ingenieros (Bol\u00edvar N\u00ba 132)<\/p>\n<p>Cabe recordar que el Bibliom\u00f3vil lleg\u00f3 al CCN\/BPAF en enero concretando una intensa agenda en Necochea y la regi\u00f3n, llevando a bordo alrededor de 500 libros para todos los p\u00fablicos y con un segmento especial destinado a las infancias y a las juventudes.<\/p>\n<p>Los recorridos surgen de un entramado institucional que se logr\u00f3 a trav\u00e9s de un trabajo en conjunto entre el CCN\/BPAF, \u00a0el Instituto Cultural de la Provincia de Buenos Aires, el programa Buenos Aires Lectora y CONABIP (Comisi\u00f3n Nacional de Bibliotecas Populares).<\/p>\n","protected":false},"excerpt":{"rendered":"<p>Recorrer\u00e1 localidades de la zona con talleres de lectura y dibujo manga. El Centro Cultural Necochea Biblioteca Popular Andr\u00e9s Ferreyra (CCN\/BPAF) subir\u00e1 el proyecto Manganeta al Bibliom\u00f3vil para realizar una gira en distintas localidades de la zona. Se trata de libros, lecturas, muestra itinerante y talleres de dibujo manga e historietas. Cabe destacar que el [&hellip;]<\/p>\n","protected":false},"author":3,"featured_media":99049,"comment_status":"closed","ping_status":"closed","sticky":false,"template":"","format":"standard","meta":{"footnotes":""},"categories":[3],"tags":[],"class_list":["post-99048","post","type-post","status-publish","format-standard","has-post-thumbnail","category-masnoticias"],"_links":{"self":[{"href":"https:\/\/primicias2262.com\/noticias\/wp-json\/wp\/v2\/posts\/99048","targetHints":{"allow":["GET"]}}],"collection":[{"href":"https:\/\/primicias2262.com\/noticias\/wp-json\/wp\/v2\/posts"}],"about":[{"href":"https:\/\/primicias2262.com\/noticias\/wp-json\/wp\/v2\/types\/post"}],"author":[{"embeddable":true,"href":"https:\/\/primicias2262.com\/noticias\/wp-json\/wp\/v2\/users\/3"}],"replies":[{"embeddable":true,"href":"https:\/\/primicias2262.com\/noticias\/wp-json\/wp\/v2\/comments?post=99048"}],"version-history":[{"count":0,"href":"https:\/\/primicias2262.com\/noticias\/wp-json\/wp\/v2\/posts\/99048\/revisions"}],"wp:attachment":[{"href":"https:\/\/primicias2262.com\/noticias\/wp-json\/wp\/v2\/media?parent=99048"}],"wp:term":[{"taxonomy":"category","embeddable":true,"href":"https:\/\/primicias2262.com\/noticias\/wp-json\/wp\/v2\/categories?post=99048"},{"taxonomy":"post_tag","embeddable":true,"href":"https:\/\/primicias2262.com\/noticias\/wp-json\/wp\/v2\/tags?post=99048"}],"curies":[{"name":"wp","href":"https:\/\/api.w.org\/{rel}","templated":true}]}}