{"id":99052,"date":"2023-04-11T09:39:47","date_gmt":"2023-04-11T12:39:47","guid":{"rendered":"https:\/\/primicias2262.com\/?p=99052"},"modified":"2023-04-11T09:39:47","modified_gmt":"2023-04-11T12:39:47","slug":"unibaso-estoy-dispuesto-a-encabezar-un-proyecto-como-candidato-de-la-union-civica-radical","status":"publish","type":"post","link":"https:\/\/primicias2262.com\/noticias\/unibaso-estoy-dispuesto-a-encabezar-un-proyecto-como-candidato-de-la-union-civica-radical\/","title":{"rendered":"Unibaso: \u201cEstoy dispuesto a encabezar un proyecto como candidato de la Uni\u00f3n C\u00edvica Radical\u201d"},"content":{"rendered":"<p><strong>Hace unos d\u00edas el dirigente radical pr\u00f3ximo a cumplir 35 a\u00f1os hab\u00eda afirmado que en su norte pol\u00edtico est\u00e1 la intendencia de Necochea, y esta semana ratific\u00f3 que ser\u00eda precandidato a Intendente, aunque dej\u00f3 en claro que urge desarrollar un mecanismo interno en la UCR para definir estrategia electoral y candidaturas. \u00a0<\/strong><\/p>\n<p>\u201cEstoy dispuesto a encabezar un proyecto como candidato de la Uni\u00f3n C\u00edvica Radical\u2026 el resto vendr\u00e1 con los d\u00edas\u201d. As\u00ed lo afirm\u00f3 el dirigente radical Dami\u00e1n Unibaso, durante sui visita a \u201cVoces de la Ciudad\u201d y la nota realizada por el periodista Jorge G\u00f3mez. De esa manera, el otrora presidente del Comit\u00e9 Emiliano Ab\u00e1solo ratific\u00f3 sus intenciones de ser uno de los nombres aspirantes del centenario partido en la carrera por la intendencia en este 2023.<\/p>\n<p>No obstante, Unibaso tambi\u00e9n ratifico un fuerte llamado interno hacia la UCR. \u201cHay nuevas autoridades en el Comit\u00e9 y me tiene esperanzado el hecho de definir cuestiones de cara al 14 junio de la manera m\u00e1s amplia posible, siguiendo la conducta de la presidenta Carola Bertoldi, que cuando me toc\u00f3 ser secretario de su conducci\u00f3n en 2016\/18 hicimos una asamblea para definir estrategia electoral y candidatos\u201d, se\u00f1al\u00f3 en primer t\u00e9rmino.<\/p>\n<p>Eso es justamente lo que cree Dami\u00e1n que debe suceder. \u201cEn 2019 cuando me toc\u00f3 ser presidente, ella (Carola) era presidenta de la junta y en conjunto reglamentamos la asamblea para hacerla de la forma m\u00e1s amplia posible, definiendo estrategia electoral y candidatura\u201d, record\u00f3, pero no fue lo mismo que sucedi\u00f3 en 2021, cuando el plenario decidi\u00f3 ir directo a las PASO, decisi\u00f3n que Unibaso consider\u00f3 como un error. \u201cLos radicales sabaemos de internas y tenemos la posibilidad de definirlo puertas adentro\u201d, argument\u00f3 al respecto.<\/p>\n<p>En ese sentido, cont\u00f3 que la pasada reuni\u00f3n en el comit\u00e9 (se juntan todos los lunes) se dijo cu\u00e1l va a ser el mecanismo a utilizar para elegir estrategia y candidaturas, y se manifest\u00f3 que es importante empezar a hablar: \u201cNos convocamos nuevamente en el comit\u00e9 \u00a0y algunos solicit\u00e1bamos la revisi\u00f3n de un plenario para luego avanzar con una asamblea, de hecho van a ir al comit\u00e9 los cuatro concejales radicales que hay actualmente y a posteriori del resumen de ellos la idea es empezar a definir la fecha del plenario, que va a definir el mecanismo para definir la estrategia electoral y las candidaturas\u201d.<\/p>\n<p>\u201cLa UCR tiene que ir unificada para no dispersar el voto en las primarias\u201d, consider\u00f3 Unibaso, para acotar que \u201clo que est\u00e1 esperando tanto el afiliado como la ciudadan\u00eda es que los radicales nos ordenemos y ofrezcamos una propuesta superadora al actual intendente, que tiene una imagen positiva alta\u201d.<\/p>\n<p>Pr\u00f3ximo a cumplir 35 a\u00f1os, \u00a0Dami\u00e1n reafirm\u00f3 que \u201cdesde que empec\u00e9 a militar en la Uni\u00f3n C\u00edvica Radical mi norte pol\u00edtico es ser intendente de Necochea, amo el municipalismo y cada vez que tuve la posibilidad dentro del partido lo manifest\u00e9, no tengo nada que esconder\u201d, aunque hizo una salvedad al instante: \u201cSi me toca en surte alg\u00fan d\u00eda, quiero ser candidato de la Uni\u00f3n C\u00edvica Radical, por eso es que voy a respetar las decisiones y los mecanismos que decida el partido, somos un partido nacional y todo estar\u00e1 enmarcado en una decisi\u00f3n nacional y provincial. Me interesa lograr un gran consenso dentro del partido, con la forma de definir candidaturas y la estrategia con un mecanismo interno partidario\u201d.<\/p>\n<p>Finalmente, manifest\u00f3 que \u201ccomo afiliado radical exijo que el comit\u00e9 tome una definici\u00f3n y decida, me parece lo m\u00e1s sano (elegir internamente)\u2026 pero si no, habr\u00e1 que competir en las PASO\u201d, y al ser consultado sobre si est\u00e1 dispuesto a encabezar el proyecto pol\u00edtico municipal, expres\u00f3 que \u201cel sector est\u00e1 armado y si podemos demostrar los radicales que tenemos la madurez suficiente de ir todos juntos, este sector va a participar de esto\u2026 que queremos ser protagonistas no tengo ninguna duda, pero hoy digo que pretendemos ser parte de una definici\u00f3n partidaria donde se alcance un mecanismo para definir estrategia y candidatura internamente\u201d.<\/p>\n","protected":false},"excerpt":{"rendered":"<p>Hace unos d\u00edas el dirigente radical pr\u00f3ximo a cumplir 35 a\u00f1os hab\u00eda afirmado que en su norte pol\u00edtico est\u00e1 la intendencia de Necochea, y esta semana ratific\u00f3 que ser\u00eda precandidato a Intendente, aunque dej\u00f3 en claro que urge desarrollar un mecanismo interno en la UCR para definir estrategia electoral y candidaturas. \u00a0 \u201cEstoy dispuesto a [&hellip;]<\/p>\n","protected":false},"author":3,"featured_media":99053,"comment_status":"closed","ping_status":"closed","sticky":false,"template":"","format":"standard","meta":{"footnotes":""},"categories":[3],"tags":[],"class_list":["post-99052","post","type-post","status-publish","format-standard","has-post-thumbnail","category-masnoticias"],"_links":{"self":[{"href":"https:\/\/primicias2262.com\/noticias\/wp-json\/wp\/v2\/posts\/99052","targetHints":{"allow":["GET"]}}],"collection":[{"href":"https:\/\/primicias2262.com\/noticias\/wp-json\/wp\/v2\/posts"}],"about":[{"href":"https:\/\/primicias2262.com\/noticias\/wp-json\/wp\/v2\/types\/post"}],"author":[{"embeddable":true,"href":"https:\/\/primicias2262.com\/noticias\/wp-json\/wp\/v2\/users\/3"}],"replies":[{"embeddable":true,"href":"https:\/\/primicias2262.com\/noticias\/wp-json\/wp\/v2\/comments?post=99052"}],"version-history":[{"count":0,"href":"https:\/\/primicias2262.com\/noticias\/wp-json\/wp\/v2\/posts\/99052\/revisions"}],"wp:attachment":[{"href":"https:\/\/primicias2262.com\/noticias\/wp-json\/wp\/v2\/media?parent=99052"}],"wp:term":[{"taxonomy":"category","embeddable":true,"href":"https:\/\/primicias2262.com\/noticias\/wp-json\/wp\/v2\/categories?post=99052"},{"taxonomy":"post_tag","embeddable":true,"href":"https:\/\/primicias2262.com\/noticias\/wp-json\/wp\/v2\/tags?post=99052"}],"curies":[{"name":"wp","href":"https:\/\/api.w.org\/{rel}","templated":true}]}}