{"id":99072,"date":"2023-04-10T18:53:54","date_gmt":"2023-04-10T21:53:54","guid":{"rendered":"https:\/\/primicias2262.com\/?p=99072"},"modified":"2023-04-10T18:53:54","modified_gmt":"2023-04-10T21:53:54","slug":"el-gobernador-kicillof-y-el-intendente-rojas-firmaron-el-plan-municipios-a-la-obra","status":"publish","type":"post","link":"https:\/\/primicias2262.com\/noticias\/el-gobernador-kicillof-y-el-intendente-rojas-firmaron-el-plan-municipios-a-la-obra\/","title":{"rendered":"El gobernador Kicillof y el\u00a0intendente Rojas firmaron\u00a0el plan \u201cMunicipios a la Obra\u201d\u00a0"},"content":{"rendered":"<p><strong>\u201cEs un programa repetido pero mejorado y ampliado\u201d, aludiendo a iniciativas similares conocidas como Fondo de Infraestructura Municipal (FIM), manifest\u00f3 el mandatario bonaerense al encabezar la firma de convenios con intendentes en aras de ejecutarse iniciativas en distritos con fondos de la Provincia. Por este concepto Necochea recibir\u00e1 en 2023 una partida de 306.296.900 pesos. Acto realizado este lunes 10 de abril con la presencia, adem\u00e1s, de Juan Jos\u00e9 Fioramonti y Miguel Gargaglione, jefes comunales de Lober\u00eda y San Cayetano, respectivamente.<\/strong><\/p>\n<p><strong>Por Jorge G\u00f3mez<\/strong><\/p>\n<p><a href=\"https:\/\/primicias2262.com\/wp-content\/uploads\/2021\/08\/Gomez.jpg\"><img loading=\"lazy\" decoding=\"async\" class=\"alignleft size-thumbnail wp-image-80409\" src=\"https:\/\/primicias2262.com\/wp-content\/uploads\/2021\/08\/Gomez-150x150.jpg\" alt=\"\" width=\"150\" height=\"150\" \/><\/a>El gobernador Axel Kicillof encabez\u00f3 este lunes 10 de abril una nueva firma de convenios \u00abMunicipios a la Obra\u00bb en el Sal\u00f3n Dorado de la Casa de Gobierno, donde estuvo acompa\u00f1ado por la ministra de Gobierno, Cristina \u00c1lvarez Rodr\u00edguez, su par de Infraestructura, Leonardo Nardini, y el titular de la cartera de Hacienda y Finanzas, Pablo L\u00f3pez.<\/p>\n<p>Luego de la firma de convenio con los jefes comunales presentes, entre ellos el intendente municipal de Necochea, doctor Arturo Rojas, el mandatario bonaerense indic\u00f3 que \u201chicimos lo que est\u00e1 indicado en la Ley de Presupuesto que inclu\u00eda la continuidad de ejecutar obras con algunas diferencias no solo de nombre sino tambi\u00e9n de procedimiento, porque ahora las firmas involucran de manera inmediata el desembolso del contrato para la realizaci\u00f3n m\u00e1s r\u00e1pida de las obras\u201d.<\/p>\n<p><a href=\"https:\/\/primicias2262.com\/wp-content\/uploads\/2023\/04\/axel-municipios.png\"><img loading=\"lazy\" decoding=\"async\" class=\"aligncenter size-full wp-image-99074\" src=\"https:\/\/primicias2262.com\/wp-content\/uploads\/2023\/04\/axel-municipios.png\" alt=\"\" width=\"880\" height=\"493\" \/><\/a><\/p>\n<p>\u201cEstamos mejorando algo que era un problema como la demora en la aprobaci\u00f3n de los convenios, el desembolso y la ejecuci\u00f3n de las obras\u201d, a\u00f1adi\u00f3.<\/p>\n<p>Entre los jefes comunales que rubricaron este acuerdo con el primer mandatario provincial se encontraron Juan Jos\u00e9 Fioramonti, intendente de Lober\u00eda, y su par de San Cayetano, Miguel Gargaglione.<\/p>\n<p>Asimismo, al referir a la importancia del programa Kicillof resalt\u00f3 que \u201cesto es un impulso grande a las obras en los 135 distritos\u201d.<\/p>\n<p>En tanto, indic\u00f3 que \u201cesto es dinero provincial de ejecuci\u00f3n municipal. Adem\u00e1s, implica que la decisi\u00f3n de la obra m\u00e1s relevante la toman los pueblos a partir de su intendente. Es una forma de integraci\u00f3n de la Provincia con los municipios\u201d.<\/p>\n<p>Se pudo saber que el Departamento Ejecutivo de Necochea destinar\u00eda buena parte de este dinero a realizaci\u00f3n de obras de infraestructura en barrios de nuestra ciudad, Quequ\u00e9n y posiblemente del interior.<\/p>\n<p>Luego de recordar que dicho plan deriv\u00f3 de su antecesor denominado Fondo de Infraestructura, el gobernador Kicillof se\u00f1al\u00f3 este lunes que \u201cMunicipios a la Obra es un programa repetido, pero mejorado y ampliado\u201d.<\/p>\n<p>Ante el desembolso que la Provincia realiza de recursos para llevar adelante las obras en los distritos, el mandatario bonaerense reiter\u00f3 su reclamo por la coparticipaci\u00f3n: \u201cEste gobierno va a seguir peleando por los recursos que le corresponden a la provincia y los va a llevar adelante con cada uno de los municipios de la Provincia. Esto no es privativo de este gobierno ni de este partido pol\u00edtico, es una causa com\u00fan de los 135 intendentes junto a este gobernador\u201d.<\/p>\n<p>Firmaron el convenio los intendentes Javier Olaeta (Arrecifes); Emilio Cordonnier (Ayacucho); Esteban Reino (Balcarce); Fabi\u00e1n Cagliardi (Berisso); Daniel Capeletti (Brandsen); Sebasti\u00e1n Abella (Campana); Marisa Fassi (Ca\u00f1uelas); Francisco Echarren (Castelli); Javier Gast\u00f3n (Chascom\u00fas); Camilo Etchevarren (Dolores); Mario Secco (Ensenada); Sebasti\u00e1n Ianantuony (General Alvarado); Osvaldo Din\u00e1poli (General Belgrano); Carlos Rocha (General Guido); Jos\u00e9 Rodr\u00edguez Ponte (General Lavalle); Carlos Santoro (General Madariaga); Juan Manuel Alvarez (GeneralPaz); Javier Iguacel (Capit\u00e1n Samiento); Guillermo Montenegro (General Pueyrred\u00f3n); Alberto Descalzo (Ituzaingo); Freddy Zavatarelli (General Pinto); Cristian Cardozo (La Costa); Alberto Gelen\u00e9 (Las Flores); Arnaldo Arispe (Lezama); Jorge Echeverry (Lobos); Gonzalo Peluso (Magdalena); Mat\u00edas Rapallini (Mip\u00fa); Jorge Paredi (Mar Chiquita); Jos\u00e9 Castro (Monte); Arturo Rojas (Necochea); Sebasti\u00e1n Walker (Pila); Jos\u00e9 Fioramonti (Lober\u00eda); Javier Mart\u00ednez (Pergamino); Martin Yeza (Pinamar); David Angueira (Punta Indio); Maximiliano Suescun (Rauch); Miguel Gargaglione (San Cayetano); Miguel Lunghi (Tandil); Diego Valenzuela (Tres de Febrero); Soledad Mart\u00ednez (Vicente L\u00f3pez); Gustavo Barrera (Villa Gesell).<\/p>\n<p><a href=\"https:\/\/primicias2262.com\/wp-content\/uploads\/2023\/04\/arturo-rojas-con-martin-yeza-y-matias-rapallini.-intendentes-de-pinamar-y-maipu.jpg\"><img loading=\"lazy\" decoding=\"async\" class=\"aligncenter size-full wp-image-99073\" src=\"https:\/\/primicias2262.com\/wp-content\/uploads\/2023\/04\/arturo-rojas-con-martin-yeza-y-matias-rapallini.-intendentes-de-pinamar-y-maipu.jpg\" alt=\"\" width=\"862\" height=\"485\" \/><\/a><\/p>\n<p>(En las fotos se observa la alocuci\u00f3n que brind\u00f3 el gobernador Axel Kicillof y una charla del intendente de Necochea -de espaldas- con sus pares de Pinamar, Mart\u00edn Yeza y de Maip\u00fa, Mat\u00edas Rapallini)<\/p>\n","protected":false},"excerpt":{"rendered":"<p>\u201cEs un programa repetido pero mejorado y ampliado\u201d, aludiendo a iniciativas similares conocidas como Fondo de Infraestructura Municipal (FIM), manifest\u00f3 el mandatario bonaerense al encabezar la firma de convenios con intendentes en aras de ejecutarse iniciativas en distritos con fondos de la Provincia. Por este concepto Necochea recibir\u00e1 en 2023 una partida de 306.296.900 pesos. [&hellip;]<\/p>\n","protected":false},"author":3,"featured_media":99076,"comment_status":"closed","ping_status":"closed","sticky":false,"template":"","format":"standard","meta":{"footnotes":""},"categories":[3],"tags":[],"class_list":["post-99072","post","type-post","status-publish","format-standard","has-post-thumbnail","category-masnoticias"],"_links":{"self":[{"href":"https:\/\/primicias2262.com\/noticias\/wp-json\/wp\/v2\/posts\/99072","targetHints":{"allow":["GET"]}}],"collection":[{"href":"https:\/\/primicias2262.com\/noticias\/wp-json\/wp\/v2\/posts"}],"about":[{"href":"https:\/\/primicias2262.com\/noticias\/wp-json\/wp\/v2\/types\/post"}],"author":[{"embeddable":true,"href":"https:\/\/primicias2262.com\/noticias\/wp-json\/wp\/v2\/users\/3"}],"replies":[{"embeddable":true,"href":"https:\/\/primicias2262.com\/noticias\/wp-json\/wp\/v2\/comments?post=99072"}],"version-history":[{"count":0,"href":"https:\/\/primicias2262.com\/noticias\/wp-json\/wp\/v2\/posts\/99072\/revisions"}],"wp:attachment":[{"href":"https:\/\/primicias2262.com\/noticias\/wp-json\/wp\/v2\/media?parent=99072"}],"wp:term":[{"taxonomy":"category","embeddable":true,"href":"https:\/\/primicias2262.com\/noticias\/wp-json\/wp\/v2\/categories?post=99072"},{"taxonomy":"post_tag","embeddable":true,"href":"https:\/\/primicias2262.com\/noticias\/wp-json\/wp\/v2\/tags?post=99072"}],"curies":[{"name":"wp","href":"https:\/\/api.w.org\/{rel}","templated":true}]}}