{"id":99079,"date":"2023-04-11T09:42:45","date_gmt":"2023-04-11T12:42:45","guid":{"rendered":"https:\/\/primicias2262.com\/?p=99079"},"modified":"2023-04-11T09:42:45","modified_gmt":"2023-04-11T12:42:45","slug":"delfino-plantea-un-cambio-de-paradigma-en-salud-dejar-de-ser-hospital-centricos-para-ser-aps-centricos","status":"publish","type":"post","link":"https:\/\/primicias2262.com\/noticias\/delfino-plantea-un-cambio-de-paradigma-en-salud-dejar-de-ser-hospital-centricos-para-ser-aps-centricos\/","title":{"rendered":"Delfino plantea un cambio de paradigma en salud: \u201cDejar de ser hospital-c\u00e9ntricos para ser APS-c\u00e9ntricos\u201d"},"content":{"rendered":"<p><strong>En su lanzamiento como precandidato a intendente dentro del espacio de Juntos, el Dr. y concejal Maximiliano Delfino aprob\u00f3 la gesti\u00f3n del actual jefe comunal Arturo Rojas, pero plante\u00f3 como ejes a mejorar \u201cla seguridad, el trabajo genuino y principalmente la salud\u201d, donde asegur\u00f3 que tiene la f\u00f3rmula para un cambio total: \u201cEsto se trata con gesti\u00f3n, hay que invertir poco y gestionar mucho, aflojar la atenci\u00f3n del hospital y jerarquizar los CAPS para que la gente se atienda en su barrio\u201d.<\/strong><\/p>\n<p>Durante una nota realizada por el periodista Jorge G\u00f3mez en \u201cVoces de la Ciudad\u201d, el otrora director de Atenci\u00f3n Primaria de Salud en la gesti\u00f3n de Jos\u00e9 Luis Vidal ratific\u00f3 sus intenciones de ser intendente y present\u00f3 precisamente como eje tem\u00e1tico principal un proyecto basado en el fortalecimiento de la APS para mejorar un foco de constantes crisis local como es la salud.<\/p>\n<p>El oriundo de Ramos Mej\u00eda y actualmente de 53 a\u00f1os, concejal del bloque unipersonal Espacio Abierto dentro de Juntos, es parte del proyecto pol\u00edtico que tiene como referente al diputado provincial Mart\u00edn Dom\u00ednguez Yelpo y como aspirante a gobernador al intendente de San Isidro, Gustavo Posse. Asegur\u00f3 que \u201ccon Mart\u00edn se ven\u00eda hablando hace un tiempo de poder participar y no esquivar el bulto\u2026 creo que la m\u00e1s f\u00e1cil es retirarse cuando la cosa est\u00e1 dif\u00edcil, pero si hay vocaci\u00f3n de trabajar, cuando m\u00e1s dif\u00edcil est\u00e1 la situaci\u00f3n argentina es cuando m\u00e1s tenemos que poner el hombro los que podemos hacer algo, aportar nuestro granito de arena y convocar a otros que se acerquen a presentar sus proyectos y propuestas\u201d.<\/p>\n<p>Manifest\u00f3 seguidamente que \u201cla experiencia que he tomado estos a\u00f1os en el Concejo tambi\u00e9n me han hecho madurar porque yo antes era un poco m\u00e1s inocente, me dedicaba a mi trabajo de m\u00e9dico y si bien estaba en la parte pol\u00edtica no es lo mismo que estar ya metido de lleno en un cargo&#8230; uno lo que m\u00e1s aprende en estos casos es a consensuar, a sentarse a charlar con alguien con quien est\u00e1s en la vereda de enfrente y aun as\u00ed acercarse en alg\u00fan punto por el bien de la ciudad, hay que aprender eso y estar continuamente haciendo consensos sin subirse al caballo, sino ser humildes, creo que cuando uno m\u00e1s sabe, m\u00e1s humilde tiene que ser, me ha pasado como m\u00e9dico y me est\u00e1 pasando en la pol\u00edtica\u201d.<\/p>\n<p>El m\u00e9dico generalista revel\u00f3 que ya tienen planificado alquilar el local para juntarse, conformar la mesa de trabajo y empezar a tirar proyectos y lineamientos, pero que a su vez sea la gente la que se acerque y participe, y a partir de all\u00ed formar las propuestas por ejes tem\u00e1ticos para juntarse con los otros representantes del conglomerado de Juntos y \u00a0consensuar.<\/p>\n<p><strong>\u201cSeguridad, trabajo genuino y principalmente salud\u201d<\/strong><\/p>\n<p>A la hora de llamar a las cosas por su nombre, Delfino se\u00f1al\u00f3 que \u201chay un municipio m\u00e1s ordenado y se han hecho obras de infraestructura, a nosotros no nos disgusta el trabajo que ha hecho actualmente Arturo Rojas, hemos tenido mucho di\u00e1logo con \u00e9l y creo que hay que seguir ajustando en temas que estamos muy mal, como la seguridad, el trabajo genuino y principalmente en la salud, donde hay que tener un poco m\u00e1s de gesti\u00f3n\u201d.<\/p>\n<p>En este \u00faltimo aspecto es donde Delfino m\u00e1s c\u00f3modo se desenvuelve: \u201cBasado en la experiencia en el trabajo con la gente en los centros de salud y en la parte privada, sabemos que el hospital es un gran consumidor de recursos, que nosotros llamamos un agujero negro porque se lleva casi el 40% del presupuesto municipal y tenemos que cambiar la mirada\u201d, afirm\u00f3, para argumentar que \u201cesa mirada tendr\u00eda que ser un poco m\u00e1s centrada en los centros de salud y derivar la atenci\u00f3n de la gente al barrio, que la gente se atienda en su barrio y ah\u00ed vamos a mejorar la salud en todos sus aspectos\u201d.<\/p>\n<p>Sigui\u00f3 esgrimiendo que \u201chay que jerarquizar los CAPS para que la gente se atienda en su barrio, hay muchas cuestiones de salud que tienen que ser totalmente resueltas en el CAPS, entonces dej\u00e1s que los especialistas del hospital trabajen tranquilos y no cargados con 20 mil cuestiones que no les corresponde, y aparte generando una p\u00e9rdida de recursos inconmensurables\u201d.<\/p>\n<p>\u201cAfloj\u00e1s la atenci\u00f3n en el hospital y jerarquiz\u00e1s los CAPS, eso hay que hacer, pero para eso ten\u00e9s que tener un sistema integrado de salud con historias cl\u00ednicas computarizadas para conectar el primer con el segundo nivel y seguir al paciente en todas sus derivaciones\u201d, agreg\u00f3 el concejal, para rematar que \u201cesto se trata con gesti\u00f3n, hay que invertir poco y gestionar mucho, es un cambio de paradigma, que la salud deje de ser hospital c\u00e9ntrica y que sea APS c\u00e9ntrica, es la idea que tengo hace rato, me form\u00e9 en eso y soy especialista en eso\u201d.<\/p>\n<p>Para poner un punto final en el tema salud, Delfino concluy\u00f3 que \u201ctenemos un nivel de m\u00e9dicos muy bueno en Necochea, pero por cuestiones econ\u00f3micas buscan un trabajo donde les paguen m\u00e1s\u201d, y adujo que en el sector p\u00fablico \u201cel sueldo del m\u00e9dico es paup\u00e9rrimo\u2026 todos cobran \u00faltimos en la tabla, primero cobra cualquier otro trabajador y \u00faltimo est\u00e1 el de salud, as\u00ed que para empezar, los sueldos de los m\u00e9dicos est\u00e1n mal, y si encima les est\u00e1s ofreciendo una guardia pagando mucho menos de lo que se paga en alrededores como Lober\u00eda o San Cayetano, la gente se te va\u2026 por eso creo que es una cuesti\u00f3n de n\u00fameros\u201d.<\/p>\n<p>Finalmente, Maximiliano expres\u00f3 que \u201ctenemos una aspiraci\u00f3n y una esperanza pero la realidad te marca la cancha, as\u00ed que en el transcurso de estos 90 d\u00edas que vamos a tener para trabajar vamos a ver qu\u00e9 nos dice la realidad. Si nos dice que medimos bien, que puedo ser candidato y hay una intenci\u00f3n de voto, eso nos va a dar el empuj\u00f3n para competir\u201d.<\/p>\n","protected":false},"excerpt":{"rendered":"<p>En su lanzamiento como precandidato a intendente dentro del espacio de Juntos, el Dr. y concejal Maximiliano Delfino aprob\u00f3 la gesti\u00f3n del actual jefe comunal Arturo Rojas, pero plante\u00f3 como ejes a mejorar \u201cla seguridad, el trabajo genuino y principalmente la salud\u201d, donde asegur\u00f3 que tiene la f\u00f3rmula para un cambio total: \u201cEsto se trata [&hellip;]<\/p>\n","protected":false},"author":3,"featured_media":99080,"comment_status":"closed","ping_status":"closed","sticky":false,"template":"","format":"standard","meta":{"footnotes":""},"categories":[3],"tags":[],"class_list":["post-99079","post","type-post","status-publish","format-standard","has-post-thumbnail","category-masnoticias"],"_links":{"self":[{"href":"https:\/\/primicias2262.com\/noticias\/wp-json\/wp\/v2\/posts\/99079","targetHints":{"allow":["GET"]}}],"collection":[{"href":"https:\/\/primicias2262.com\/noticias\/wp-json\/wp\/v2\/posts"}],"about":[{"href":"https:\/\/primicias2262.com\/noticias\/wp-json\/wp\/v2\/types\/post"}],"author":[{"embeddable":true,"href":"https:\/\/primicias2262.com\/noticias\/wp-json\/wp\/v2\/users\/3"}],"replies":[{"embeddable":true,"href":"https:\/\/primicias2262.com\/noticias\/wp-json\/wp\/v2\/comments?post=99079"}],"version-history":[{"count":0,"href":"https:\/\/primicias2262.com\/noticias\/wp-json\/wp\/v2\/posts\/99079\/revisions"}],"wp:attachment":[{"href":"https:\/\/primicias2262.com\/noticias\/wp-json\/wp\/v2\/media?parent=99079"}],"wp:term":[{"taxonomy":"category","embeddable":true,"href":"https:\/\/primicias2262.com\/noticias\/wp-json\/wp\/v2\/categories?post=99079"},{"taxonomy":"post_tag","embeddable":true,"href":"https:\/\/primicias2262.com\/noticias\/wp-json\/wp\/v2\/tags?post=99079"}],"curies":[{"name":"wp","href":"https:\/\/api.w.org\/{rel}","templated":true}]}}