{"id":99102,"date":"2023-04-11T11:20:20","date_gmt":"2023-04-11T14:20:20","guid":{"rendered":"https:\/\/primicias2262.com\/?p=99102"},"modified":"2023-04-11T11:20:20","modified_gmt":"2023-04-11T14:20:20","slug":"velazquez-presentara-un-proyecto-para-la-creacion-de-una-agencia-de-turismo","status":"publish","type":"post","link":"https:\/\/primicias2262.com\/noticias\/velazquez-presentara-un-proyecto-para-la-creacion-de-una-agencia-de-turismo\/","title":{"rendered":"Vel\u00e1zquez presentar\u00e1 un proyecto para la creaci\u00f3n de una agencia de turismo"},"content":{"rendered":"<p><strong>Ser\u00e1 este jueves en ocasi\u00f3n de la primera sesi\u00f3n ordinaria de abril del Honorable Concejo Deliberante. \u201cLo voy a presentar y lo voy a pasar r\u00e1pidamente a comisi\u00f3n para que lo puedan trabajar todos los bloques pol\u00edticos\u201d, anunci\u00f3 en \u201cVoces de la Ciudad\u201d el concejal y presidente de la Comisi\u00f3n de Turismo y Deportes del HCD.<\/strong><\/p>\n<p>Al ser consultado por el periodista Jorge G\u00f3mez sobre la presentaci\u00f3n de un proyecto de ordenanza para elevar el rango de la Secretar\u00eda de Turismo a agencia, el precandidato a intendente por el Frente de Todos argument\u00f3 que \u201ccreemos que el turismo es una industria a desarrollar en Necochea y una pol\u00edtica de Estado\u201d.<\/p>\n<p>Acot\u00f3 al instante que \u201csi bien en un momento lo del Entur fue bueno porque ten\u00eda funciones de promociones y de publicitar, hay que ir aggiorn\u00e1ndose\u2026 despu\u00e9s la actual gesti\u00f3n lo dio de baja y le dio el rango de Secretar\u00eda, pero hoy pocos municipios de la Provincia tienen Secretar\u00eda de Turismo, porque entendemos que dejar en una sola persona el destino tur\u00edstico de una industria tan importante nos parece que no es viable, m\u00e1s all\u00e1 de la capacidad que tenga quien la lleva adelante\u201d.<\/p>\n<p>Para ello, Vel\u00e1zquez asegur\u00f3 que las patas p\u00fablicas y privadas tienen que tirar para adelante en equipo. \u201cDebe estar el Estado que debe ordenar pero tambi\u00e9n debe estar el privado, que est\u00e1 compuesto por quienes invierten, arriesgan en nuestra ciudad y elaboran proyectos, y creo que tenemos que elaborar algo donde se junten las dos partes\u201d.<\/p>\n<p>Insisti\u00f3 a continuaci\u00f3n en que \u201cel Entur fue para otro momento y nosotros proponemos crear la Agencia de Turismo Municipal, que en otros municipios funciona muy bien, tiene que ver con el hecho de que se puedan sentar las dos patas involucradas y desarrollar programas de turismo\u201d.<\/p>\n<p>En ese sentido puso el ejemplo de Tandil: \u201cEllos planificaron, generaron sus circuitos, invirtieron y despu\u00e9s promocionaron, pero para cuando promocionaron ya hab\u00edan reconocido sus circuitos y eso nos hace falta a nosotros\u201d, se\u00f1al\u00f3.<\/p>\n<p>Por caso, mencion\u00f3 que hay que individualizar un circuito, desarrollarlo e invertir. Adem\u00e1s, describi\u00f3 que la agencia tendr\u00eda un consejo directivo encabezado por el Intendente con dos directores; y un consejo asesor donde intervienen los privados, la c\u00e1mara de turismo y las fuerzas vivas. \u201cTendr\u00e1 funciones para generar circuitos propios, convenios con privados, con el Estado nacional y Provincial y la posibilidad de generar licitaciones\u201d, sostuvo Vel\u00e1zquez, por lo que se desprende que ser\u00eda algo incluso superior a un ente, con manejo propio de recursos y administraci\u00f3n, licitaciones, compras y generaci\u00f3n de convenios.<\/p>\n<p>\u201cLa agencia tiene m\u00e1s potestades que el Ente y la Secretar\u00eda, y ofrece la posibilidad de que todas puedan intervenir en la estrategia y planificaci\u00f3n tur\u00edstica, y que no se quede en una sola persona, que de hecho ya casi no hay ciudades en la Provincia con Secretar\u00edas\u201d, acot\u00f3 el edil del interbloque del Frente de Todos.<\/p>\n<p>Finalmente, el referente del Frente Renovador confirm\u00f3 que \u201clo voy a presentar este jueves y lo voy a pasar r\u00e1pidamente a comisi\u00f3n para que lo puedan trabajar todos los bloques pol\u00edticos, como presidente de la Comisi\u00f3n de Turismo y Deportes que me toca ser; con el fin de que puedan acercarse todos y lo podamos enriquecer, y que sea una herramienta\u2026 mi intenci\u00f3n es gobernar nuestro municipio, pero si no es as\u00ed la dejo a disposici\u00f3n para que el que llegue como intendente la utilice porque es muy necesaria para nuestro distrito\u201d.<\/p>\n","protected":false},"excerpt":{"rendered":"<p>Ser\u00e1 este jueves en ocasi\u00f3n de la primera sesi\u00f3n ordinaria de abril del Honorable Concejo Deliberante. \u201cLo voy a presentar y lo voy a pasar r\u00e1pidamente a comisi\u00f3n para que lo puedan trabajar todos los bloques pol\u00edticos\u201d, anunci\u00f3 en \u201cVoces de la Ciudad\u201d el concejal y presidente de la Comisi\u00f3n de Turismo y Deportes del [&hellip;]<\/p>\n","protected":false},"author":3,"featured_media":96071,"comment_status":"closed","ping_status":"closed","sticky":false,"template":"","format":"standard","meta":{"footnotes":""},"categories":[3],"tags":[],"class_list":["post-99102","post","type-post","status-publish","format-standard","has-post-thumbnail","category-masnoticias"],"_links":{"self":[{"href":"https:\/\/primicias2262.com\/noticias\/wp-json\/wp\/v2\/posts\/99102","targetHints":{"allow":["GET"]}}],"collection":[{"href":"https:\/\/primicias2262.com\/noticias\/wp-json\/wp\/v2\/posts"}],"about":[{"href":"https:\/\/primicias2262.com\/noticias\/wp-json\/wp\/v2\/types\/post"}],"author":[{"embeddable":true,"href":"https:\/\/primicias2262.com\/noticias\/wp-json\/wp\/v2\/users\/3"}],"replies":[{"embeddable":true,"href":"https:\/\/primicias2262.com\/noticias\/wp-json\/wp\/v2\/comments?post=99102"}],"version-history":[{"count":0,"href":"https:\/\/primicias2262.com\/noticias\/wp-json\/wp\/v2\/posts\/99102\/revisions"}],"wp:attachment":[{"href":"https:\/\/primicias2262.com\/noticias\/wp-json\/wp\/v2\/media?parent=99102"}],"wp:term":[{"taxonomy":"category","embeddable":true,"href":"https:\/\/primicias2262.com\/noticias\/wp-json\/wp\/v2\/categories?post=99102"},{"taxonomy":"post_tag","embeddable":true,"href":"https:\/\/primicias2262.com\/noticias\/wp-json\/wp\/v2\/tags?post=99102"}],"curies":[{"name":"wp","href":"https:\/\/api.w.org\/{rel}","templated":true}]}}