{"id":99110,"date":"2023-04-11T13:57:43","date_gmt":"2023-04-11T16:57:43","guid":{"rendered":"https:\/\/primicias2262.com\/?p=99110"},"modified":"2023-04-11T13:57:43","modified_gmt":"2023-04-11T16:57:43","slug":"el-secretario-de-turismo-trazo-un-muy-buen-balance-de-semana-santa-en-necochea","status":"publish","type":"post","link":"https:\/\/primicias2262.com\/noticias\/el-secretario-de-turismo-trazo-un-muy-buen-balance-de-semana-santa-en-necochea\/","title":{"rendered":"El secretario de Turismo traz\u00f3 un muy buen balance de Semana Santa en Necochea"},"content":{"rendered":"<p><strong>\u201cAcompa\u00f1\u00f3 el clima y tuvimos muchos visitantes de la zona\u201d, manifest\u00f3 Mat\u00edas Sierra luego del feriado por pascuas.<\/strong><\/p>\n<p>Culminado el largo feriado por Semana Santa, el secretario de Turismo y Desarrollo Productivo de la Municipalidad, Mat\u00edas Sierra, asegur\u00f3 que \u201cnos fue muy bien porque acompa\u00f1\u00f3 el clima, tuvimos muchos visitantes de la zona y a eso se sumaron los festejos que tuvimos en la plaza a partir del s\u00e1bado con mucha concurrencia del p\u00fablico, as\u00ed que tuvimos un gran fin de semana\u201d.<\/p>\n<p>El funcionario se\u00f1al\u00f3 que se mantuvo en comunicaci\u00f3n con prestadores tur\u00edsticos e insisti\u00f3 en que fue un muy buen fin de semana en general. A prop\u00f3sito del clima, coment\u00f3 que \u201cpudimos verlo reflejado en la costa y en la ribera, donde estuvimos recorriendo y se vio mucha gente en todos lados, y es que el hecho de tener 28 o 29 grados en abril hace que el turista que se acerca opte por la playa y el r\u00edo, y as\u00ed lo vimos este fin de semana\u201d.<\/p>\n<p>Como gama de actividades de viernes a domingo, Sierra subray\u00f3 el v\u00eda crucis \u2018Pasi\u00f3n Viviente\u2019 en Quequ\u00e9n; la recorrida guiada por edificios hist\u00f3ricos y monumentos de la ciudad; y la actividad desarrollada por el Estado municipal en la Plaza Dardo Rocha \u201ccon la actividad novedosa que desarrollamos con 140 metros de rosca de pascua\u201d.<\/p>\n<p><a href=\"https:\/\/primicias2262.com\/wp-content\/uploads\/2023\/04\/11-04-FOTO-actividades-Turismo.jpg\"><img loading=\"lazy\" decoding=\"async\" class=\"aligncenter size-full wp-image-99111\" src=\"https:\/\/primicias2262.com\/wp-content\/uploads\/2023\/04\/11-04-FOTO-actividades-Turismo.jpg\" alt=\"\" width=\"986\" height=\"657\" \/><\/a>En tanto, el secretario dio vuelta la p\u00e1gina y habl\u00f3 de lineamientos de cara a la temporada baja: \u201cA partir de ahora hay que empezar a trabajar con eventos, apoyarnos mucho en los eventos privados que ya empiezan a llegar de apoco y ya hay varios confirmados para el transcurso de abril, mientras que en mayo tendremos un campeonato de surf. Tenemos que ir delineando y apoyando esos eventos que ir\u00e1n saliendo los pr\u00f3ximos meses\u201d.<\/p>\n","protected":false},"excerpt":{"rendered":"<p>\u201cAcompa\u00f1\u00f3 el clima y tuvimos muchos visitantes de la zona\u201d, manifest\u00f3 Mat\u00edas Sierra luego del feriado por pascuas. Culminado el largo feriado por Semana Santa, el secretario de Turismo y Desarrollo Productivo de la Municipalidad, Mat\u00edas Sierra, asegur\u00f3 que \u201cnos fue muy bien porque acompa\u00f1\u00f3 el clima, tuvimos muchos visitantes de la zona y a [&hellip;]<\/p>\n","protected":false},"author":3,"featured_media":91872,"comment_status":"closed","ping_status":"closed","sticky":false,"template":"","format":"standard","meta":{"footnotes":""},"categories":[3],"tags":[],"class_list":["post-99110","post","type-post","status-publish","format-standard","has-post-thumbnail","category-masnoticias"],"_links":{"self":[{"href":"https:\/\/primicias2262.com\/noticias\/wp-json\/wp\/v2\/posts\/99110","targetHints":{"allow":["GET"]}}],"collection":[{"href":"https:\/\/primicias2262.com\/noticias\/wp-json\/wp\/v2\/posts"}],"about":[{"href":"https:\/\/primicias2262.com\/noticias\/wp-json\/wp\/v2\/types\/post"}],"author":[{"embeddable":true,"href":"https:\/\/primicias2262.com\/noticias\/wp-json\/wp\/v2\/users\/3"}],"replies":[{"embeddable":true,"href":"https:\/\/primicias2262.com\/noticias\/wp-json\/wp\/v2\/comments?post=99110"}],"version-history":[{"count":0,"href":"https:\/\/primicias2262.com\/noticias\/wp-json\/wp\/v2\/posts\/99110\/revisions"}],"wp:attachment":[{"href":"https:\/\/primicias2262.com\/noticias\/wp-json\/wp\/v2\/media?parent=99110"}],"wp:term":[{"taxonomy":"category","embeddable":true,"href":"https:\/\/primicias2262.com\/noticias\/wp-json\/wp\/v2\/categories?post=99110"},{"taxonomy":"post_tag","embeddable":true,"href":"https:\/\/primicias2262.com\/noticias\/wp-json\/wp\/v2\/tags?post=99110"}],"curies":[{"name":"wp","href":"https:\/\/api.w.org\/{rel}","templated":true}]}}