{"id":99115,"date":"2023-04-12T09:16:58","date_gmt":"2023-04-12T12:16:58","guid":{"rendered":"https:\/\/primicias2262.com\/?p=99115"},"modified":"2023-04-12T09:16:58","modified_gmt":"2023-04-12T12:16:58","slug":"fernandez-palma-trato-de-imbeciles-a-los-politicos-actuales-y-lamento-que-se-haya-perdido-la-meritocracia","status":"publish","type":"post","link":"https:\/\/primicias2262.com\/noticias\/fernandez-palma-trato-de-imbeciles-a-los-politicos-actuales-y-lamento-que-se-haya-perdido-la-meritocracia\/","title":{"rendered":"Fern\u00e1ndez Palma trat\u00f3 de \u201cimb\u00e9ciles\u201d a los pol\u00edticos actuales y lament\u00f3 que se haya perdido la meritocracia"},"content":{"rendered":"<p><strong>Controversial como de costumbre, el doctor Gast\u00f3n Fern\u00e1ndez Palma, otrora candidato a intendente de Necochea en 2003, entreg\u00f3 su visi\u00f3n de la realidad argentina con mucho pesimismo y fue con los tapones de punta contra la parte pol\u00edtica: afirm\u00f3 que buscan sueldos interesantes y jubilarse bien, y en ese sentido apunt\u00f3 contra sus colegas Maximiliano Delfino y Daniel Molina.\u00a0<\/strong><\/p>\n<p>A sus 82 a\u00f1os, Gast\u00f3n Fern\u00e1ndez Palma pas\u00f3 por los estudios de Voces de la Ciudad y en una charla con el periodista Jorge G\u00f3mez describi\u00f3 su visi\u00f3n de Argentina, donde enfatiz\u00f3 que no se vive en democracia, sino en una kakistrocracia: \u201cNo somos democracia porque no tenemos nada de la democracia, excepto ir a votar, pero s\u00ed somos kakistocracia\u2026 en griego kakisto es lo peor, somos el gobierno de los peores\u201d, vocifer\u00f3.<\/p>\n<p>Quien fuera candidato a intendente hace 20 a\u00f1os comenz\u00f3 esgrimiendo que antes el conocimiento se adquir\u00eda leyendo y no googleando en un minuto, \u201cy la ancianidad sumada a la experiencia por todo lo que uno ha vivido me hace decir que el pa\u00eds est\u00e1 mal, ha perdido totalmente esos conceptos que lo hicieron grande en distintas etapas, como por ejemplo la meritocracia\u201d.<\/p>\n<p>Opin\u00f3 en ese sentido con aires de superioridad que \u201cyo creo que no somos todos iguales, ya la naturaleza no te hace igual, y despu\u00e9s se suman factores que te dicen que no somos todos iguales. El tipo que estudi\u00f3 y se sacrific\u00f3 no es igual que el tipo que no lo hizo\u201d, acotando que \u201cla mejor fotograf\u00eda que podr\u00edamos tener hoy para todo este desastre que es la mec\u00e1nica de la gesti\u00f3n p\u00fablica, ser\u00eda un gran candado puesto en la puerta del municipio, la gobernaci\u00f3n y la rep\u00fablica, es decir, ac\u00e1 no entra nadie m\u00e1s y el que tenga que laburar que lo haga en el sector privado, y el d\u00eda que se necesite alguien en el Estado tiene que ser puesto por concurso de antecedentes y oposici\u00f3n para que vaya el mejor, aunque no sea mi hijo, mi amigo, mi amante o mujer\u2026 tiene que ir el mejor, no importa el partido pol\u00edtico que sea, y eso es meritocracia. En cambio, los puestos pol\u00edticos son generados por la podredumbre social y cultural que vivimos\u201d.<\/p>\n<p>Argument\u00f3 el doctor que \u201cla meritocracia te permit\u00eda que un tipo como Favaloro fuera el mejor cardiocirujano del mundo en su momento, que un hombre de estratos medios de la sociedad como Houssay (Bernardo, m\u00e9dico, catedr\u00e1tico y farmac\u00e9utico argentino) fuera Premio Nobel, que Milstein (C\u00e9sar, Licenciado nacido en Bah\u00eda Blanca) con un FIAT 600 se fuera\u00a0 a Inglaterra porque ac\u00e1 no lo reconoc\u00edamos y con sus anticuerpos monoclonales fuera Premio Nobeel; que Leloir (Federico, m\u00e9dico y bioqu\u00edmico) con un laboratorio que era una especie de cocinita con sillas de madera fuera Premio Nobel\u2026 es decir que tenemos premios nobel que Argentina ni conoce, le mencion\u00e1s a cualquier chico de colegio o cualquier persona de cualquier estrato social qui\u00e9nes eran estos tres y no tienen ni idea. En cambio s\u00ed te van a saber decir qui\u00e9n es el 4 de Temperley o de Dock Sud\u2026 todos esos valores se han perdido y la Argentina est\u00e1 extraviada por culpas varias y concurrentes\u201d.<\/p>\n<p><strong>El \u00faltimo proceso militar<\/strong><\/p>\n<p>A la hora de hacer un repaso hist\u00f3rico de la degradaci\u00f3n de la sociedad argentina que denuncia, Fern\u00e1ndez Palma asegur\u00f3 que \u201cecharle la culpa a la Dictadura Militar es un disco viejo, ya no tiene nada que ver, sino que tenemos que tomar en cuenta que estamos en una ciudad mit\u00f3mana, corrupta, falsa, concupiscente y c\u00f3mplice\u201d, y justific\u00f3 que \u201cen 1976 viv\u00edamos una situaci\u00f3n totalmente an\u00e1rquica, similar a la situaci\u00f3n que vive el oficialismo hoy, divididos por un lado y otro, y la sociedad pidi\u00f3 a gritos lo que pas\u00f3, y cuando pas\u00f3 la gente se call\u00f3 la boca y los apoy\u00f3 con su silencio, ese silencio c\u00f3mplice en el que est\u00e1bamos todos incluidos, yo tambi\u00e9n fui un calladito\u201d.<\/p>\n<p>-\u201cPero hubo muertos, \u00bfse acuerda?, le sugiere G\u00f3mez, \u201cs\u00ed, pero los mismos muertos que hubo antes\u201d, dijo Fern\u00e1ndez Palma, agregando que \u201cdespu\u00e9s vino lo que todos hemos vivido: un general borracho pegando gritos desde un balc\u00f3n y todos los argentinos detr\u00e1s de \u00e9l diciendo pelotudeces, yo me acuerdo haber contribuido con novillos, trigo, vaquillonas, soja y todo desapareci\u00f3 en las municipalidades, nada lleg\u00f3 a los H\u00e9roes de Malvinas\u201d.<\/p>\n<p>En su descripci\u00f3n cronol\u00f3gica continu\u00f3 repasando que \u201cdespu\u00e9s de eso dijimos vamos a comer, estudiar y educar con la democracia\u2026 pero vamos a gobernar sin cerebro. Cada vez hay un mayor deterioro de la meritocracia y de la pol\u00edtica que contin\u00faa hasta hoy\u2026 hoy la pol\u00edtica es un triste circo, absolutamente rid\u00edculo\u201d.<\/p>\n<p>En ese sentido, y sin nombrarlos, carg\u00f3 contra dos colegas suyos de la ciudad como Maximiliano Delfino y el ex Intendente -ya jubilado- Daniel Molina, quien gan\u00f3 precisamente aquellas elecciones de 2003 en las que compiti\u00f3 por ese cargo.<\/p>\n<p>Respecto al actual precandidato a intendente Maximiliano Delfino, sin nombrarlo, manifest\u00f3 que \u201cel otro d\u00eda en un canal de Youtube un m\u00e9dico local se postulaba a intendente\u2026 no lo conozco, pero es como si yo me postulo a director del Departamento Nacional de Energ\u00eda Nuclear\u2026 la absoluta falta de autocr\u00edtica y de sinceramiento que tienen los participantes de la sociedad, asusta. Una persona que se siente con derecho a gobernar la principal empresa de Necochea, que es el municipio, se anima a decir con una total irresponsabilidad que lo \u00e9l sabe hacer bien es ordenar las historias cl\u00ednicas. Eso no es un programa de gobierno, eso es una pat\u00e9tica b\u00fasqueda de un sueldo interesante, como todos los que han pasado por ese puesto\u201d, y enseguida se refiri\u00f3 a Molina, tambi\u00e9n sin nombrarlo: \u201cConozco otro colega cuyo m\u00e1ximo programa pol\u00edtico fue jubilarse bien\u201d.<\/p>\n<p>\u201cEs decir -prosigui\u00f3- que la pol\u00edtica ni siquiera es un negocio, es un \u00e1mbito miserable de exhibici\u00f3n de nuestras incapacidades e irresponsabilidades. El problema es que no existe un programa m\u00ednimo de consensos escritos, verificables y serios que se mantenga como pol\u00edtica de Estado mucho tiempo, y sin eso no hay salida. La pol\u00edtica de Estado municipal no pasa por decir que vamos a hacer una historia cl\u00ednica \u00fanica o que voy a hacer un muro de defensa en la calle para frenar los autos, pasa por tener una pol\u00edtica de Estado\u201d.<\/p>\n<p>Asimismo, apunt\u00f3 duramente contra los legisladores: \u201cLa plata que se reparte entre diputados es una verdadera verg\u00fcenza a la que llegan pelotudos que no tienen la m\u00e1s puta idea de lo que tienen que hacer. Si el Intendente tuviera el sentido com\u00fan de juntar a toda esa biodiversidad pol\u00edtica de la Quinta Secci\u00f3n y les encargara insistir en los \u00e1mbitos nacionales y provinciales de la generaci\u00f3n de la nueva ley de coparticipaci\u00f3n federal, hoy tendr\u00edamos la l\u00f3gica de decir que esta zona genera una enorme cantidad de riqueza por su actividad agropecuaria, log\u00edstica, tur\u00edstica, pesquera y portuaria\u2026 eso ser\u00eda una pol\u00edtica de Estado y as\u00ed Necochea no necesitar\u00eda andar rogando de rodillas que le manden un peso para pagar una planta municipal de empleados y no hacer absolutamente nada m\u00e1s\u201d.<\/p>\n<p>Orgulloso porque sabe hablar tres idiomas, asegur\u00f3 que \u201choy la persona que no habla ingl\u00e9s es un ignorante y un analfabeto total\u201d, y acot\u00f3 que \u201cyo conoc\u00ed otra Necochea, una ciudad brillante, contenedora de comunidades diversas, donde conviv\u00edamos todos, hab\u00eda trabajo y no hab\u00eda tensi\u00f3n social; pero esa comuni\u00f3n con esperanza ha desaparecido, como las pol\u00edticas de Estado de crecimiento sin tensi\u00f3n social. Quiere decir que una sociedad m\u00ednimamente ordenada, con respuestas a la meritocracia, con objetivos muy claros y con una comuni\u00f3n pol\u00edtica que conjugue lo econ\u00f3mico, social y cultural no s\u00e9 en qu\u00e9 a\u00f1o se dar\u00e1, es posible, pero yo ya no lo voy a ver\u201d.<\/p>\n<p>Finalmente, le respondi\u00f3 a quienes lo acusan de gorila: \u201cSi por gorila se entiende una persona que ha nacido en el \u201941, que ha vivido el avance corporativo fascista y nazi, posterior a la generaci\u00f3n del GOU, que vio un pa\u00eds creciendo en armon\u00eda y que cay\u00f3 en un corporativismo fascista, clerical y absolutamente inconducente que nos llev\u00f3 a esto, si ser contrario a eso es ser gorila, entonces s\u00ed lo soy\u201d.<\/p>\n","protected":false},"excerpt":{"rendered":"<p>Controversial como de costumbre, el doctor Gast\u00f3n Fern\u00e1ndez Palma, otrora candidato a intendente de Necochea en 2003, entreg\u00f3 su visi\u00f3n de la realidad argentina con mucho pesimismo y fue con los tapones de punta contra la parte pol\u00edtica: afirm\u00f3 que buscan sueldos interesantes y jubilarse bien, y en ese sentido apunt\u00f3 contra sus colegas Maximiliano [&hellip;]<\/p>\n","protected":false},"author":3,"featured_media":99116,"comment_status":"closed","ping_status":"closed","sticky":false,"template":"","format":"standard","meta":{"footnotes":""},"categories":[3],"tags":[],"class_list":["post-99115","post","type-post","status-publish","format-standard","has-post-thumbnail","category-masnoticias"],"_links":{"self":[{"href":"https:\/\/primicias2262.com\/noticias\/wp-json\/wp\/v2\/posts\/99115","targetHints":{"allow":["GET"]}}],"collection":[{"href":"https:\/\/primicias2262.com\/noticias\/wp-json\/wp\/v2\/posts"}],"about":[{"href":"https:\/\/primicias2262.com\/noticias\/wp-json\/wp\/v2\/types\/post"}],"author":[{"embeddable":true,"href":"https:\/\/primicias2262.com\/noticias\/wp-json\/wp\/v2\/users\/3"}],"replies":[{"embeddable":true,"href":"https:\/\/primicias2262.com\/noticias\/wp-json\/wp\/v2\/comments?post=99115"}],"version-history":[{"count":0,"href":"https:\/\/primicias2262.com\/noticias\/wp-json\/wp\/v2\/posts\/99115\/revisions"}],"wp:attachment":[{"href":"https:\/\/primicias2262.com\/noticias\/wp-json\/wp\/v2\/media?parent=99115"}],"wp:term":[{"taxonomy":"category","embeddable":true,"href":"https:\/\/primicias2262.com\/noticias\/wp-json\/wp\/v2\/categories?post=99115"},{"taxonomy":"post_tag","embeddable":true,"href":"https:\/\/primicias2262.com\/noticias\/wp-json\/wp\/v2\/tags?post=99115"}],"curies":[{"name":"wp","href":"https:\/\/api.w.org\/{rel}","templated":true}]}}