{"id":99131,"date":"2023-04-14T09:21:48","date_gmt":"2023-04-14T12:21:48","guid":{"rendered":"https:\/\/primicias2262.com\/?p=99131"},"modified":"2023-04-14T09:21:48","modified_gmt":"2023-04-14T12:21:48","slug":"queremos-replicar-lo-hecho-por-la-cooperadora-del-hospital-de-necochea","status":"publish","type":"post","link":"https:\/\/primicias2262.com\/noticias\/queremos-replicar-lo-hecho-por-la-cooperadora-del-hospital-de-necochea\/","title":{"rendered":"\u201cQueremos replicar lo hecho por la Cooperadora del hospital de Necochea\u201d"},"content":{"rendered":"<p><strong>As\u00ed lo anhel\u00f3 al aire de \u201cVoces de la Ciudad\u201d Pacual Corapi, presidente de la flamante asociaci\u00f3n civil cooperadora del Hospital Irurzun de Quequ\u00e9n, que recibiera su t\u00edtulo de personer\u00eda jur\u00eddica de manos del Ejecutivo municipal la semana anterior.<\/strong><\/p>\n<p>En di\u00e1logo con el periodista Jorge G\u00f3mez, Corapi asegur\u00f3 que \u201cvenimos queriendo hacer la cooperadora del hospital de Quequ\u00e9n hace casi cinco a\u00f1os, la idea surgi\u00f3 en caminatas que hac\u00edamos con Carlos Orcoyen, y como somos los dos de Quequ\u00e9n en un momento dijimos por qu\u00e9 no hacemos algo por el hospital. Yo soy nacido en el Irurzun y con todo gusto acept\u00e9\u201d.<\/p>\n<p>De esa manera Pascual narr\u00f3 que \u201cempezamos a andar y nos encontramos con 500 mil escollos, por ejemplo Personer\u00eda Jur\u00eddica no nos permit\u00eda el nombre de Hospital Irurzun de Quequ\u00e9n para la cooperadora porque todas las cooperadoras que hab\u00edan estado anteriormente con ese nombre hab\u00edan hecho desfalco, se hab\u00edan quedado con plata o no entregaban premios, as\u00ed que empezamos a trabajar de a apoco con un grupo de gente, entre ellos, V\u00edctor D\u2019annunzio, Jorge Salazar, Alberto Salvador, Juan Carlos Gonz\u00e1lez, Jos\u00e9 Luis Lisazo, Eduardo Lozano, Alicia Ortiz y todo un grupo de Quequ\u00e9n para hacer algo por la ciudad\u201d.<\/p>\n<p><a href=\"https:\/\/primicias2262.com\/wp-content\/uploads\/2023\/03\/31-03-FOTO-Rojas-cooperadora-htal-Quequen3.jpeg\"><img loading=\"lazy\" decoding=\"async\" class=\"aligncenter size-full wp-image-98867\" src=\"https:\/\/primicias2262.com\/wp-content\/uploads\/2023\/03\/31-03-FOTO-Rojas-cooperadora-htal-Quequen3.jpeg\" alt=\"\" width=\"1600\" height=\"1066\" \/><\/a>Durante este tiempo \u201cvinimos trabajando y donando cosas para el hospital de forma personal, pero esto ahora es institucional, ya tenemos la personer\u00eda y compramos todos los libros a llenar, as\u00ed que estamos a pleno\u201d, manifest\u00f3 con alivio.<\/p>\n<p>Al comenzar esta nueva etapa, se hace inevitable mirar el ejemplo de la cooperadora del Hospital Ferreyra, acerca de lo quer Corapi se\u00f1al\u00f3 que \u201ctenemos esta semana una reuni\u00f3n con ellos, que aceptaron apadrinarnos\u2026 la de Necochea es una cooperadora que est\u00e1 compuesta por gente honesta y nosotros queremos replicar lo mismo. Queremos un hospital de Quequ\u00e9n donde todos seamos atendidos como corresponde\u201d.<\/p>\n<p>Finalmente, Corapi asegur\u00f3 que se basar\u00e1n en fijar prioridades para conseguir fondos y responder a las inquietudes de la Direcci\u00f3n del Irurzun, y expres\u00f3 que \u201ccuando nos entreg\u00f3 la personer\u00eda el intendente Arturo Rojas \u00a0nos dijo que le gustar\u00eda trabajar en conjunto, y nosotros le dijimos que queremos trabajar en conjunto con \u00e9l y con el que est\u00e9, pero es una asociaci\u00f3n apol\u00edtica totalmente, sin colores partidarios. La relaci\u00f3n institucional seguir\u00e1 con el paso del tiempo, como lo ha hecho la cooperadora del hospital de Necochea\u201d.<\/p>\n","protected":false},"excerpt":{"rendered":"<p>As\u00ed lo anhel\u00f3 al aire de \u201cVoces de la Ciudad\u201d Pacual Corapi, presidente de la flamante asociaci\u00f3n civil cooperadora del Hospital Irurzun de Quequ\u00e9n, que recibiera su t\u00edtulo de personer\u00eda jur\u00eddica de manos del Ejecutivo municipal la semana anterior. En di\u00e1logo con el periodista Jorge G\u00f3mez, Corapi asegur\u00f3 que \u201cvenimos queriendo hacer la cooperadora del [&hellip;]<\/p>\n","protected":false},"author":3,"featured_media":98910,"comment_status":"closed","ping_status":"closed","sticky":false,"template":"","format":"standard","meta":{"footnotes":""},"categories":[3],"tags":[],"class_list":["post-99131","post","type-post","status-publish","format-standard","has-post-thumbnail","category-masnoticias"],"_links":{"self":[{"href":"https:\/\/primicias2262.com\/noticias\/wp-json\/wp\/v2\/posts\/99131","targetHints":{"allow":["GET"]}}],"collection":[{"href":"https:\/\/primicias2262.com\/noticias\/wp-json\/wp\/v2\/posts"}],"about":[{"href":"https:\/\/primicias2262.com\/noticias\/wp-json\/wp\/v2\/types\/post"}],"author":[{"embeddable":true,"href":"https:\/\/primicias2262.com\/noticias\/wp-json\/wp\/v2\/users\/3"}],"replies":[{"embeddable":true,"href":"https:\/\/primicias2262.com\/noticias\/wp-json\/wp\/v2\/comments?post=99131"}],"version-history":[{"count":0,"href":"https:\/\/primicias2262.com\/noticias\/wp-json\/wp\/v2\/posts\/99131\/revisions"}],"wp:attachment":[{"href":"https:\/\/primicias2262.com\/noticias\/wp-json\/wp\/v2\/media?parent=99131"}],"wp:term":[{"taxonomy":"category","embeddable":true,"href":"https:\/\/primicias2262.com\/noticias\/wp-json\/wp\/v2\/categories?post=99131"},{"taxonomy":"post_tag","embeddable":true,"href":"https:\/\/primicias2262.com\/noticias\/wp-json\/wp\/v2\/tags?post=99131"}],"curies":[{"name":"wp","href":"https:\/\/api.w.org\/{rel}","templated":true}]}}