{"id":99146,"date":"2023-04-13T11:14:57","date_gmt":"2023-04-13T14:14:57","guid":{"rendered":"https:\/\/primicias2262.com\/?p=99146"},"modified":"2023-04-13T11:14:57","modified_gmt":"2023-04-13T14:14:57","slug":"el-boleto-plano-deberia-valer-600-pero-obviamente-no-trasladaremos-ese-costo-al-usuario","status":"publish","type":"post","link":"https:\/\/primicias2262.com\/noticias\/el-boleto-plano-deberia-valer-600-pero-obviamente-no-trasladaremos-ese-costo-al-usuario\/","title":{"rendered":"\u201cEl boleto plano deber\u00eda valer $ 600 pero obviamente no trasladaremos ese costo al usuario\u201d"},"content":{"rendered":"<p><strong>As\u00ed lo coment\u00f3 Mar\u00eda In\u00e9s Lesca, integrante de la compa\u00f1\u00eda de micros azules Transporte Necochea, tras realizar un estudios de costos del valor del boleto plano y en la antesala de lo que ser\u00e1 este viernes una reuni\u00f3n con ediles en el Concejo Deliberante, camino a un nuevo ajuste en la tarifa de los colectivos.<\/strong><\/p>\n<p>Al hablar sobre el tema con el periodista Jorge G\u00f3mez en \u201cVoces de la Ciudad\u201d, la contadora anticip\u00f3 que \u201cno lo presentamos todav\u00eda al estudio de costos pero se lo alcanzamos al titular de la Comisi\u00f3n de Transporte en el HCD, Maximiliano Delfino, para que vayan viendo nuestros n\u00fameros y la realidad de la empresa\u201d.<\/p>\n<p>En tal sentido, transmiti\u00f3 escalofr\u00edos con los valores que refiri\u00f3: \u201cSi el a\u00f1o pasado hab\u00eda dado algo m\u00e1s de 300 pesos, con la inflaci\u00f3n el estudio de costo te da actualmente alrededor de 600 pesos\u201d, inform\u00f3. Mientras que al presente el boleto plano cuesta 125 pesos, Lesca asegur\u00f3 por tanto que deber\u00eda valer 600 pesos, aunque aclar\u00f3 que \u201cobviamente no es nuestra postura trasladarlo directamente al usuario, ya que como empresa nos perjudicar\u00eda porque desaparecer\u00eda el usuario\u201d.<\/p>\n<p>Consultada ante la eventualidad de que los concejales lo llevaran a 250 pesos, manifest\u00f3 que \u201ceso va a salir de las reuniones que tengamos, este viernes hay una donde ya nos incorporan a nosotros y tambi\u00e9n se incorpora la Unicen, que aportar\u00e1 su visi\u00f3n y un sustento cient\u00edfico y t\u00e9cnico del tema\u201d.<\/p>\n<p>Por lo pronto, valor\u00f3 que \u201cestamos al d\u00eda\u201d, aunque no soslay\u00f3 que \u201ctambi\u00e9n los valores de los subsidios se quedan atr\u00e1s\u2026 normalmente los subsidios nos ayudaban a pagar los sueldos y a pagar determinados proveedores, pero ya en los \u00faltimos meses el valor del subsidio no llegaba a cubrir los sueldos y ten\u00eda que salir dinero de otro lado\u201d.<\/p>\n<p>Para concluir, la contadora de Transportes Necochea subray\u00f3 que \u201ccon el estudio de costo queremos mostrarles la realidad, que arrancamos en enero de 2022 con un valor del litro de combustible de 96 pesos y terminamos en diciembre con 192 pesos, y ahora estamos a 218 pesos, y no lo tenemos subsidiado, es un valor mayorista pero sin ning\u00fan tipo de subsidio\u201d.<\/p>\n","protected":false},"excerpt":{"rendered":"<p>As\u00ed lo coment\u00f3 Mar\u00eda In\u00e9s Lesca, integrante de la compa\u00f1\u00eda de micros azules Transporte Necochea, tras realizar un estudios de costos del valor del boleto plano y en la antesala de lo que ser\u00e1 este viernes una reuni\u00f3n con ediles en el Concejo Deliberante, camino a un nuevo ajuste en la tarifa de los colectivos. [&hellip;]<\/p>\n","protected":false},"author":3,"featured_media":83052,"comment_status":"closed","ping_status":"closed","sticky":false,"template":"","format":"standard","meta":{"footnotes":""},"categories":[3],"tags":[],"class_list":["post-99146","post","type-post","status-publish","format-standard","has-post-thumbnail","category-masnoticias"],"_links":{"self":[{"href":"https:\/\/primicias2262.com\/noticias\/wp-json\/wp\/v2\/posts\/99146","targetHints":{"allow":["GET"]}}],"collection":[{"href":"https:\/\/primicias2262.com\/noticias\/wp-json\/wp\/v2\/posts"}],"about":[{"href":"https:\/\/primicias2262.com\/noticias\/wp-json\/wp\/v2\/types\/post"}],"author":[{"embeddable":true,"href":"https:\/\/primicias2262.com\/noticias\/wp-json\/wp\/v2\/users\/3"}],"replies":[{"embeddable":true,"href":"https:\/\/primicias2262.com\/noticias\/wp-json\/wp\/v2\/comments?post=99146"}],"version-history":[{"count":0,"href":"https:\/\/primicias2262.com\/noticias\/wp-json\/wp\/v2\/posts\/99146\/revisions"}],"wp:attachment":[{"href":"https:\/\/primicias2262.com\/noticias\/wp-json\/wp\/v2\/media?parent=99146"}],"wp:term":[{"taxonomy":"category","embeddable":true,"href":"https:\/\/primicias2262.com\/noticias\/wp-json\/wp\/v2\/categories?post=99146"},{"taxonomy":"post_tag","embeddable":true,"href":"https:\/\/primicias2262.com\/noticias\/wp-json\/wp\/v2\/tags?post=99146"}],"curies":[{"name":"wp","href":"https:\/\/api.w.org\/{rel}","templated":true}]}}