{"id":99148,"date":"2023-04-13T11:11:09","date_gmt":"2023-04-13T14:11:09","guid":{"rendered":"https:\/\/primicias2262.com\/?p=99148"},"modified":"2023-04-13T11:11:09","modified_gmt":"2023-04-13T14:11:09","slug":"este-viernes-se-realiza-una-cena-por-los-78-anos-de-euzko-etxea","status":"publish","type":"post","link":"https:\/\/primicias2262.com\/noticias\/este-viernes-se-realiza-una-cena-por-los-78-anos-de-euzko-etxea\/","title":{"rendered":"Este viernes se realiza una cena por los 78 a\u00f1os de Euzko Etxea"},"content":{"rendered":"<p><strong>El Centro Vasco de Necochea est\u00e1 de fiesta, ya que en la v\u00edspera del 15 de abril, fecha en que se impuso el nombre Euzko Etxea, se realizar\u00e1 una celebraci\u00f3n que incluir\u00e1 una cena en la Sociedad Gastron\u00f3mica y un reconocimiento a Horacio Zubillaga.<\/strong><\/p>\n<p>Al respecto, Cristina \u201cKitty\u201d Zubillaga, la presidenta del Centro Vasco de necochea pas\u00f3 por los estudios de \u201cVoces de la Ciudad\u201d y en una nota realiada por el periodista Jorge G\u00f3mez demostr\u00f3 todo su entusiasmo por la fecha que se aproxima y por lo especial que es este a\u00f1o, donde la comunidad vasca loal tendr\u00e1 el honor de organizar para noviembre la Semana Nacional Vasca.<\/p>\n<p><a href=\"https:\/\/primicias2262.com\/wp-content\/uploads\/2023\/04\/flyer-78-anos-Vasco.jpeg\"><img loading=\"lazy\" decoding=\"async\" class=\"alignleft size-medium wp-image-99149\" src=\"https:\/\/primicias2262.com\/wp-content\/uploads\/2023\/04\/flyer-78-anos-Vasco-169x300.jpeg\" alt=\"\" width=\"169\" height=\"300\" \/><\/a>Por lo pronto, \u201cKitty\u201d se refiri\u00f3 al cercano aniversario. \u201cEn realidad el Centro Vasco naci\u00f3 mucho antes, pero con este nombre Euzko Etxea fue el 15 de abril de 1945, as\u00ed que cumplimos 78 a\u00f1os desde que se arm\u00f3 la primera comisi\u00f3n directiva a trav\u00e9s de la cual se juntaron fondos para el edificio que hoy tenemos en la manzana de 65 y 58\u201d, detall\u00f3.<\/p>\n<p>Acto seguido aclar\u00f3 que \u201cse hace el viernes 14 a las 21 y esperamos que se haga la medianoche, ya que el aniversario es el 15. Lo vamos a hacer en la sociedad gastron\u00f3mica y le haremos un recuerdo a Horacio (Zubillaga), descubriremos una plaquita para darle un reconocimiento a quien tanto hizo por la paleta y la gastronom\u00eda\u201d.<\/p>\n<p>Luego se refiri\u00f3 en l\u00edneas generales a la instituci\u00f3n, al afirmar que \u201ces muy grande el Centro Vasco y cada vez se hacen m\u00e1s cosas, se hacen tantas cosas que uno intenta contener a las personas que tienen ganas de trabajar. El Centro Vasco es una instituci\u00f3n a la que hist\u00f3ricamente la uni\u00f3 el trabajo, fuera de las fiestas, la gente va a trabajar y poner su granito de arena\u201d.<\/p>\n<p><a href=\"https:\/\/primicias2262.com\/wp-content\/uploads\/2023\/04\/kitty-zubillaga-vasco.jpeg\"><img loading=\"lazy\" decoding=\"async\" class=\"aligncenter size-full wp-image-99160\" src=\"https:\/\/primicias2262.com\/wp-content\/uploads\/2023\/04\/kitty-zubillaga-vasco.jpeg\" alt=\"\" width=\"1024\" height=\"768\" \/><\/a>Asimismo, revel\u00f3 en cuanto a eventos en la agenda que el 6 de mayo tendr\u00e1n un encuentro con los centros vascos de la regi\u00f3n, como Mar del Plata, Tandil Tres Arroyos y Bah\u00eda Blanca, y para noviembre se viene la Semana Nacional Vasca, que se hace todos los a\u00f1os\u00a0 y este a\u00f1o le toca a Necochea. \u201cLa \u00faltima ac\u00e1 fue en 2016, en la semana vasca se convoca a toda la familia vasca del mundo y vienen los centros de varios pa\u00edses, ser\u00e1 del 6 al 12 de noviembre y el viernes, s\u00e1bado y domingo de esa semana se juntar\u00e1n m\u00e1s de mil personas\u201d, palpit\u00f3.<\/p>\n","protected":false},"excerpt":{"rendered":"<p>El Centro Vasco de Necochea est\u00e1 de fiesta, ya que en la v\u00edspera del 15 de abril, fecha en que se impuso el nombre Euzko Etxea, se realizar\u00e1 una celebraci\u00f3n que incluir\u00e1 una cena en la Sociedad Gastron\u00f3mica y un reconocimiento a Horacio Zubillaga. Al respecto, Cristina \u201cKitty\u201d Zubillaga, la presidenta del Centro Vasco de [&hellip;]<\/p>\n","protected":false},"author":3,"featured_media":78847,"comment_status":"closed","ping_status":"closed","sticky":false,"template":"","format":"standard","meta":{"footnotes":""},"categories":[3],"tags":[],"class_list":["post-99148","post","type-post","status-publish","format-standard","has-post-thumbnail","category-masnoticias"],"_links":{"self":[{"href":"https:\/\/primicias2262.com\/noticias\/wp-json\/wp\/v2\/posts\/99148","targetHints":{"allow":["GET"]}}],"collection":[{"href":"https:\/\/primicias2262.com\/noticias\/wp-json\/wp\/v2\/posts"}],"about":[{"href":"https:\/\/primicias2262.com\/noticias\/wp-json\/wp\/v2\/types\/post"}],"author":[{"embeddable":true,"href":"https:\/\/primicias2262.com\/noticias\/wp-json\/wp\/v2\/users\/3"}],"replies":[{"embeddable":true,"href":"https:\/\/primicias2262.com\/noticias\/wp-json\/wp\/v2\/comments?post=99148"}],"version-history":[{"count":0,"href":"https:\/\/primicias2262.com\/noticias\/wp-json\/wp\/v2\/posts\/99148\/revisions"}],"wp:attachment":[{"href":"https:\/\/primicias2262.com\/noticias\/wp-json\/wp\/v2\/media?parent=99148"}],"wp:term":[{"taxonomy":"category","embeddable":true,"href":"https:\/\/primicias2262.com\/noticias\/wp-json\/wp\/v2\/categories?post=99148"},{"taxonomy":"post_tag","embeddable":true,"href":"https:\/\/primicias2262.com\/noticias\/wp-json\/wp\/v2\/tags?post=99148"}],"curies":[{"name":"wp","href":"https:\/\/api.w.org\/{rel}","templated":true}]}}