{"id":99151,"date":"2023-04-13T11:12:14","date_gmt":"2023-04-13T14:12:14","guid":{"rendered":"https:\/\/primicias2262.com\/?p=99151"},"modified":"2023-04-13T11:12:14","modified_gmt":"2023-04-13T14:12:14","slug":"la-cruz-roja-local-se-mantiene-activa-con-capacitaciones-constantes-y-proyectos-con-la-comunidad","status":"publish","type":"post","link":"https:\/\/primicias2262.com\/noticias\/la-cruz-roja-local-se-mantiene-activa-con-capacitaciones-constantes-y-proyectos-con-la-comunidad\/","title":{"rendered":"La Cruz Roja local se mantiene activa con capacitaciones constantes y proyectos con la comunidad"},"content":{"rendered":"<p><strong>Bianca Steffen, la coordinadora de la filial local de Cruz Roja Argentina, pas\u00f3 por los estudios de \u201cVoces de la Ciudad\u201d y durante una nota realizada por el periodista Jorge G\u00f3mez brind\u00f3 detalles de la actualidad de la instituci\u00f3n que est\u00e1 al servicio de la comunidad y tiene su sede en calle 57 N\u00ba 2758, entre 62 y 64.<\/strong><\/p>\n<p>\u201cEstamos muy activos con el \u00e1rea de Primeros Auxilios, todo lo que tiene que ver con capacitaciones al p\u00fablico en general\u201d, mencion\u00f3 en primer t\u00e9rmino la coordinadora de 32 a\u00f1os, para agregar que \u201ccomenzamos en marzo con el inicio de las clases a capacitar en colegios y jardines a maestros y alumnos, as\u00ed que es un proyecto de todo el a\u00f1o para pasar por instituciones educativas que nos vayan convocando. La idea es que sean cada vez m\u00e1s personas las que est\u00e9n capacitadas en primeros Auxilios y RCP, que tan importante es\u201d.<\/p>\n<p>En simult\u00e1neo a ese trabajo de campo, destac\u00f3 que en la filial tambi\u00e9n arrancaron con los cursos, el primero de ellos se dio hace unos d\u00edas y asistieron 30 personas, fue de RCP y desobstrucci\u00f3n de v\u00edas a\u00e9reas, que son situaciones que se vieron durante la temporada y all\u00ed surge el inter\u00e9s de la gente.<\/p>\n\n<p>&nbsp;<\/p>\n<p>En tanto, subray\u00f3 que \u201ccomo agenda tenemos muchos proyectos en relaci\u00f3n a asistir a eventos deportivos y culturales cada vez que nos convoquen, y tambi\u00e9n tenemos un proyecto para trabajar en un hogar de ancianos, que tiene que ver con la participaci\u00f3n activa y el entretenimiento de personas que por ah\u00ed est\u00e1n bastante tiempo encerrados\u2026 se trata de ir y pasar tiempo con ellos con talleres de educaci\u00f3n f\u00edsica, arte, m\u00fasica, estimulaci\u00f3n cognitiva, etc\u201d.<\/p>\n<p>Asimismo, valor\u00f3 que \u201chace muchos a\u00f1os trabajamos a la par con el municipio, nosotros somos auxiliares del Estado y cuando ellos nos requieren nosotros estamos. Y adem\u00e1s desde el a\u00f1o pasado estamos trabajando muy en conjunto con Bomberos y Defensa Civil ante cualquier emergencia que surja, incluso hacemos pr\u00e1cticas en conjunto\u201d.<\/p>\n<p><a href=\"https:\/\/primicias2262.com\/wp-content\/uploads\/2023\/04\/bianca-steffen-cruz-roja.jpeg\"><img loading=\"lazy\" decoding=\"async\" class=\"aligncenter size-full wp-image-99159\" src=\"https:\/\/primicias2262.com\/wp-content\/uploads\/2023\/04\/bianca-steffen-cruz-roja.jpeg\" alt=\"\" width=\"1024\" height=\"768\" \/><\/a>Para concluir, Steffen record\u00f3 que el \u00fanico requisito para ser voluntario de Cruz Roja es ser mayor de 16 a\u00f1os: \u201cA partir de ah\u00ed pueden comunicarse con nosotros y ser parte de un proceso corto de preparaci\u00f3n para ser parte de la filial\u201d, coment\u00f3, para comunicar finalmente que \u201cestamos en instagram es @cranecochea; en Facebook Cruz Roja Argentina Necochea; y el WhatsApp 2262-225255 donde pueden comunicarse para consultas, o si no estamos de lunes a viernes de 10 a 14 por si quieren acercarse a nuestra sede de 57 entre 62 y 64\u201d.<\/p>\n","protected":false},"excerpt":{"rendered":"<p>Bianca Steffen, la coordinadora de la filial local de Cruz Roja Argentina, pas\u00f3 por los estudios de \u201cVoces de la Ciudad\u201d y durante una nota realizada por el periodista Jorge G\u00f3mez brind\u00f3 detalles de la actualidad de la instituci\u00f3n que est\u00e1 al servicio de la comunidad y tiene su sede en calle 57 N\u00ba 2758, [&hellip;]<\/p>\n","protected":false},"author":3,"featured_media":77900,"comment_status":"closed","ping_status":"closed","sticky":false,"template":"","format":"standard","meta":{"footnotes":""},"categories":[3],"tags":[],"class_list":["post-99151","post","type-post","status-publish","format-standard","has-post-thumbnail","category-masnoticias"],"_links":{"self":[{"href":"https:\/\/primicias2262.com\/noticias\/wp-json\/wp\/v2\/posts\/99151","targetHints":{"allow":["GET"]}}],"collection":[{"href":"https:\/\/primicias2262.com\/noticias\/wp-json\/wp\/v2\/posts"}],"about":[{"href":"https:\/\/primicias2262.com\/noticias\/wp-json\/wp\/v2\/types\/post"}],"author":[{"embeddable":true,"href":"https:\/\/primicias2262.com\/noticias\/wp-json\/wp\/v2\/users\/3"}],"replies":[{"embeddable":true,"href":"https:\/\/primicias2262.com\/noticias\/wp-json\/wp\/v2\/comments?post=99151"}],"version-history":[{"count":0,"href":"https:\/\/primicias2262.com\/noticias\/wp-json\/wp\/v2\/posts\/99151\/revisions"}],"wp:attachment":[{"href":"https:\/\/primicias2262.com\/noticias\/wp-json\/wp\/v2\/media?parent=99151"}],"wp:term":[{"taxonomy":"category","embeddable":true,"href":"https:\/\/primicias2262.com\/noticias\/wp-json\/wp\/v2\/categories?post=99151"},{"taxonomy":"post_tag","embeddable":true,"href":"https:\/\/primicias2262.com\/noticias\/wp-json\/wp\/v2\/tags?post=99151"}],"curies":[{"name":"wp","href":"https:\/\/api.w.org\/{rel}","templated":true}]}}