{"id":99154,"date":"2023-04-14T09:10:52","date_gmt":"2023-04-14T12:10:52","guid":{"rendered":"https:\/\/primicias2262.com\/?p=99154"},"modified":"2023-04-14T09:10:52","modified_gmt":"2023-04-14T12:10:52","slug":"se-anuncia-la-charla-hablemos-de-turismo-en-la-sede-del-instituto-republica","status":"publish","type":"post","link":"https:\/\/primicias2262.com\/noticias\/se-anuncia-la-charla-hablemos-de-turismo-en-la-sede-del-instituto-republica\/","title":{"rendered":"Se anuncia la charla \u201cHablemos de Turismo\u201d en la sede del Instituto Rep\u00fablica"},"content":{"rendered":"<p><strong>Ser\u00e1 el venidero lunes a partir de las 19 en la calle 54 N\u00ba 2831, con entrada abierta a toda la comunidad.<\/strong><\/p>\n<p>Este lunes 17 de abril, a partir de las 19 horas, se realizar\u00e1 en el Instituto Rep\u00fablica una charla abierta a toda la comunidad, denominada \u00abHablemos de turismo\u00bb, para la cual se hace extensiva la invitaci\u00f3n a todos los prestadores tur\u00edsticos y referentes del sector que deseen contribuir con ideas y con sus puntos de vista, los cuales ser\u00e1n fundamentales para poder sumar a un mejor desarrollo de esta industria tan importante para Necochea, Quequ\u00e9n y todo el distrito.<\/p>\n<p>La actividad tendr\u00e1 lugar en la sede del Instituto, situada en calle 54 N\u00ba 2831, entre 57 y 59, y contar\u00e1 con la presencia de Bernardo Mart\u00edn, presidente del Ente Municipal de Turismo de Mar del Plata (Emtur), quien brindar\u00e1 una exposici\u00f3n din\u00e1mica, en la que primar\u00e1 el di\u00e1logo, \u00a0intercambio de opiniones, la discusi\u00f3n constructiva y la b\u00fasqueda de alternativas que puedan beneficiar al sector tur\u00edstico de nuestra ciudad.<\/p>\n<p>El referente de la Regional Necochea del Instituto Rep\u00fablica, Mart\u00edn Migueles, explic\u00f3 que la idea de este encuentro es comenzar a construir en conjunto, con la presencia de los principales actores de la industria tur\u00edstica del distrito, un camino mediante el cual alcanzar el objetivo de posicionar a Necochea m\u00e1s all\u00e1 de los meses de verano, programando actividades culturales y deportivas, aprovechando tambi\u00e9n el marco natural que nos rodea, para as\u00ed explotar la capacidad hotelera, gastron\u00f3mica y comercial todo el a\u00f1o, incluyendo tambi\u00e9n al interior de nuestro distrito. Por eso, la charla motivar\u00e1 la participaci\u00f3n y el que se puedan escuchar todas las voces.<\/p>\n","protected":false},"excerpt":{"rendered":"<p>Ser\u00e1 el venidero lunes a partir de las 19 en la calle 54 N\u00ba 2831, con entrada abierta a toda la comunidad. Este lunes 17 de abril, a partir de las 19 horas, se realizar\u00e1 en el Instituto Rep\u00fablica una charla abierta a toda la comunidad, denominada \u00abHablemos de turismo\u00bb, para la cual se hace [&hellip;]<\/p>\n","protected":false},"author":3,"featured_media":99155,"comment_status":"closed","ping_status":"closed","sticky":false,"template":"","format":"standard","meta":{"footnotes":""},"categories":[3],"tags":[],"class_list":["post-99154","post","type-post","status-publish","format-standard","has-post-thumbnail","category-masnoticias"],"_links":{"self":[{"href":"https:\/\/primicias2262.com\/noticias\/wp-json\/wp\/v2\/posts\/99154","targetHints":{"allow":["GET"]}}],"collection":[{"href":"https:\/\/primicias2262.com\/noticias\/wp-json\/wp\/v2\/posts"}],"about":[{"href":"https:\/\/primicias2262.com\/noticias\/wp-json\/wp\/v2\/types\/post"}],"author":[{"embeddable":true,"href":"https:\/\/primicias2262.com\/noticias\/wp-json\/wp\/v2\/users\/3"}],"replies":[{"embeddable":true,"href":"https:\/\/primicias2262.com\/noticias\/wp-json\/wp\/v2\/comments?post=99154"}],"version-history":[{"count":0,"href":"https:\/\/primicias2262.com\/noticias\/wp-json\/wp\/v2\/posts\/99154\/revisions"}],"wp:attachment":[{"href":"https:\/\/primicias2262.com\/noticias\/wp-json\/wp\/v2\/media?parent=99154"}],"wp:term":[{"taxonomy":"category","embeddable":true,"href":"https:\/\/primicias2262.com\/noticias\/wp-json\/wp\/v2\/categories?post=99154"},{"taxonomy":"post_tag","embeddable":true,"href":"https:\/\/primicias2262.com\/noticias\/wp-json\/wp\/v2\/tags?post=99154"}],"curies":[{"name":"wp","href":"https:\/\/api.w.org\/{rel}","templated":true}]}}