{"id":99168,"date":"2023-04-14T09:18:49","date_gmt":"2023-04-14T12:18:49","guid":{"rendered":"https:\/\/primicias2262.com\/?p=99168"},"modified":"2023-04-14T09:18:49","modified_gmt":"2023-04-14T12:18:49","slug":"necochea-recibira-a-un-especialista-en-ganaderia","status":"publish","type":"post","link":"https:\/\/primicias2262.com\/noticias\/necochea-recibira-a-un-especialista-en-ganaderia\/","title":{"rendered":"Necochea recibir\u00e1 a un especialista en ganader\u00eda"},"content":{"rendered":"<p><strong>V\u00edctor Tonelli brindar\u00e1 una charla el martes 18 de abril en la sede central de la Cooperativa General Necochea. Tratar\u00e1 el tema \u201cDesaf\u00edos y oportunidades en \u00e9poca de cambios importantes\u201d<\/strong><\/p>\n<p><strong>Por Jorge G\u00f3mez<\/strong><\/p>\n<p><a href=\"https:\/\/primicias2262.com\/wp-content\/uploads\/2021\/08\/Gomez.jpg\"><img loading=\"lazy\" decoding=\"async\" class=\"alignleft size-thumbnail wp-image-80409\" src=\"https:\/\/primicias2262.com\/wp-content\/uploads\/2021\/08\/Gomez-150x150.jpg\" alt=\"\" width=\"150\" height=\"150\" \/><\/a>La Cooperativa Agropecuaria General Necochea que tiene su sede central en avenida 59 esquina 70, ser\u00e1 escenario de una disertaci\u00f3n a cargo del conocido consultor ganadero V\u00edctor Tonelli.<\/p>\n<p>El encuentro tendr\u00e1 lugar el pr\u00f3ximo martes 18 de abril a partir de las 19 en la sede de la instituci\u00f3n, ocasi\u00f3n en la que el visitante se referir\u00e1 a este tema: \u201cDesaf\u00edos y oportunidades en \u00e9poca de cambios importantes\u201d.<\/p>\n<p>Vale recordar que Tonelli es licenciado en Ciencias Agrarias de la Universidad Cat\u00f3lica Argentina y adem\u00e1s cuenta con este curriculum:<\/p>\n<ul>\n<li>Consultor privado en \u00e1rea de ganados y carne, asesorando a empresas del sector de la producci\u00f3n, la industria frigor\u00edfica y al sector p\u00fablico.<\/li>\n<li>Productor ganadero (criador-recriador) en General Guido, Provincia de Buenos Aires y administrador de varias empresas ganaderas de cr\u00eda, recr\u00eda y engorde.<\/li>\n<li>Desarrollador y administrador de fideicomisos de Cr\u00eda y Engorde<\/li>\n<li>Premio Clar\u00edn Rural 2013 a la trayectoria ganadera<\/li>\n<li>Ex Director fundador de Carne Hereford de Argentina y Carne Hereford de Uruguay.<\/li>\n<li>Fue CEO de Comega SA y Vicepresidente de Estancia y Caba\u00f1a Las Lilas SA.<\/li>\n<\/ul>\n<p>V\u00edctor Tonelli ha sido presidente en dos oportunidades de la Asociaci\u00f3n Argentina de Industria de Carnes, vicepresidente de la Asociaci\u00f3n Argentina de Producci\u00f3n Animal, Director Fundador de la Asociaci\u00f3n Argentina de Brangus, de la C\u00e1mara de Inseminaci\u00f3n Artificial y de otras entidades de la producci\u00f3n.<\/p>\n<p>Entre sus antecedentes vale mencionar, asimismo que ha brindado servicios de consultor\u00eda en todos los \u00e1mbitos del sector de ganados y carnes y brindado conferencias en Uruguay, Chile, Paraguay, Brasil, M\u00e9xico, Colombia, Estados Unidos, Australia, Nueva Zelanda y China, como as\u00ed tambi\u00e9n en otras ciudades de la Argentina.<\/p>\n","protected":false},"excerpt":{"rendered":"<p>V\u00edctor Tonelli brindar\u00e1 una charla el martes 18 de abril en la sede central de la Cooperativa General Necochea. Tratar\u00e1 el tema \u201cDesaf\u00edos y oportunidades en \u00e9poca de cambios importantes\u201d Por Jorge G\u00f3mez La Cooperativa Agropecuaria General Necochea que tiene su sede central en avenida 59 esquina 70, ser\u00e1 escenario de una disertaci\u00f3n a cargo [&hellip;]<\/p>\n","protected":false},"author":3,"featured_media":99169,"comment_status":"closed","ping_status":"closed","sticky":false,"template":"","format":"standard","meta":{"footnotes":""},"categories":[3],"tags":[],"class_list":["post-99168","post","type-post","status-publish","format-standard","has-post-thumbnail","category-masnoticias"],"_links":{"self":[{"href":"https:\/\/primicias2262.com\/noticias\/wp-json\/wp\/v2\/posts\/99168","targetHints":{"allow":["GET"]}}],"collection":[{"href":"https:\/\/primicias2262.com\/noticias\/wp-json\/wp\/v2\/posts"}],"about":[{"href":"https:\/\/primicias2262.com\/noticias\/wp-json\/wp\/v2\/types\/post"}],"author":[{"embeddable":true,"href":"https:\/\/primicias2262.com\/noticias\/wp-json\/wp\/v2\/users\/3"}],"replies":[{"embeddable":true,"href":"https:\/\/primicias2262.com\/noticias\/wp-json\/wp\/v2\/comments?post=99168"}],"version-history":[{"count":0,"href":"https:\/\/primicias2262.com\/noticias\/wp-json\/wp\/v2\/posts\/99168\/revisions"}],"wp:attachment":[{"href":"https:\/\/primicias2262.com\/noticias\/wp-json\/wp\/v2\/media?parent=99168"}],"wp:term":[{"taxonomy":"category","embeddable":true,"href":"https:\/\/primicias2262.com\/noticias\/wp-json\/wp\/v2\/categories?post=99168"},{"taxonomy":"post_tag","embeddable":true,"href":"https:\/\/primicias2262.com\/noticias\/wp-json\/wp\/v2\/tags?post=99168"}],"curies":[{"name":"wp","href":"https:\/\/api.w.org\/{rel}","templated":true}]}}