{"id":99173,"date":"2023-04-13T09:34:04","date_gmt":"2023-04-13T12:34:04","guid":{"rendered":"https:\/\/primicias2262.com\/?p=99173"},"modified":"2023-04-13T09:34:04","modified_gmt":"2023-04-13T12:34:04","slug":"marcelo-rivero-y-el-si-al-debate-del-proyecto-de-exploracion-petrolifera-en-el-litoral-maritimo-bonaerense","status":"publish","type":"post","link":"https:\/\/primicias2262.com\/noticias\/marcelo-rivero-y-el-si-al-debate-del-proyecto-de-exploracion-petrolifera-en-el-litoral-maritimo-bonaerense\/","title":{"rendered":"Marcelo Rivero, y el \u201cs\u00ed\u201d al debate del proyecto de exploraci\u00f3n petrol\u00edfera en el litoral mar\u00edtimo bonaerense"},"content":{"rendered":"<p><strong>El presidente del Partido Justicialista de Necochea, Marcelo Rivero, expres\u00f3 el apoyo la iniciativa del Gobierno Provincial de Axel Kicillof, respecto al proyecto nacional de exploraci\u00f3n Petrolera en las aguas profundas del litoral mar\u00edtimo bonaerense.<\/strong><\/p>\n<p>El presidente del Partido Justicialista Distrito Necochea, Dr. Marcelo Rivero, expres\u00f3 que en la \u00faltima reuni\u00f3n del Consejo Distrital se abord\u00f3 el tema del proyecto de\u00a0 exploraci\u00f3n y posible explotaci\u00f3n de petr\u00f3leo y\u00a0 gas,\u00a0 a 300 kil\u00f3metros de las costas de nuestro distrito, en un punto equidistante de Necochea y Mar del Plata.<\/p>\n<p>Se trata del proyecto de exploraci\u00f3n y producci\u00f3n petrol\u00edfera del gobierno Nacional junto a una empresa noruega, que de concretarse su viabilidad t\u00e9cnica permitir\u00eda a la Provincia de Bs. As., recibir las regal\u00edas que la Naci\u00f3n otorga a las Provincias Petroleras y beneficiar asi a la regi\u00f3n. Tambi\u00e9n, el control nacional de los recursos naturales.<\/p>\n<p>\u201cEs una excelente oportunidad de crecimiento para\u00a0 nuestro Distrito, ya que tenemos el puerto, el espacio f\u00edsico para la radicaci\u00f3n de las empresas log\u00edsticas\u00a0 y de servicios para el proyecto, la oportunidad para generar nuevas fuentes de trabajo calificadas, mano de obra genuina, y para el comercio, para los servicios gastron\u00f3micos y hoteleros, entre otros, que tendr\u00edan ocupaci\u00f3n efectiva todo el a\u00f1o\u201d, se\u00f1al\u00f3.<\/p>\n<p>Adem\u00e1s, conforme lo indican los especialistas, no tendr\u00eda efectos negativos para las otras actividades econ\u00f3micas de la regi\u00f3n, como el turismo o\u00a0 la industria pesquera.<\/p>\n<p>\u201cACTITUD ABIERTA \u201c<\/p>\n<p>\u201cTenemos que tener una Actitud abierta y activa en este tema, no tiene sentido decir no por el no mismo, sin antes asesorarnos e investigar, indic\u00f3 Rivero.<\/p>\n<p>\u201cAbierta, porque no podemos cerrarnos a ser solamente una econom\u00eda\u00a0 agropecuaria o de servicios comerciales, sin antes estudiar la viabilidad t\u00e9cnica, ambiental y\u00a0 econ\u00f3mica del proyecto; y Activa, porque si no nos unimos todas las fuerzas pol\u00edticas y sociales y ponemos el tema en el centro de la escena, es muy probable que el r\u00e9dito se lo lleve otro distrito.<\/p>\n<p>Mar del Plata ya ha realizado conferencias, charlas informativas, con especialistas, con empresas y sectores de la econom\u00eda, los trabajadores, los gremios, la Justicia y con la comunidad en general, para analizar y evacuar todas las dudas.<\/p>\n<p>Ser\u00eda muy bueno que en Necochea el municipio, junto al Concejo Deliberante, el puerto, y todas las fuerzas vivas fijen una postura com\u00fan sobre el tema, antes de que sea tarde para ello, tomando todas medidas de seguridad que se requieran para garantizar que no se afecte el turismo, el medio ambiente, y las otras actividades. Tendr\u00eda que ser una pol\u00edtica de estado.<\/p>\n<p>Desde el Peronismo apoyamos todos los proyectos que signifiquen trabajo y crecimiento para nuestro distrito.<\/p>\n<p>Se estima que a fines de este a\u00f1o comenzar\u00e1n con la exploraci\u00f3n, y en caso de encontrar petr\u00f3leo o gas, la explotaci\u00f3n plena ser\u00e1 entre 2030 y 2045.<\/p>\n<p>Nuestro puerto est\u00e1 mucho mejor preparado para recibir buques de gran porte, y podr\u00eda cumplir el rol de puerto de asiento log\u00edstico de embarcaciones para el mantenimiento del yacimiento. Tambi\u00e9n nuestros accesos ferroviarios est\u00e1n mejor\u00a0 posicionados\u201d, finaliz\u00f3 diciendo Rivero.<\/p>\n","protected":false},"excerpt":{"rendered":"<p>El presidente del Partido Justicialista de Necochea, Marcelo Rivero, expres\u00f3 el apoyo la iniciativa del Gobierno Provincial de Axel Kicillof, respecto al proyecto nacional de exploraci\u00f3n Petrolera en las aguas profundas del litoral mar\u00edtimo bonaerense. El presidente del Partido Justicialista Distrito Necochea, Dr. Marcelo Rivero, expres\u00f3 que en la \u00faltima reuni\u00f3n del Consejo Distrital se [&hellip;]<\/p>\n","protected":false},"author":3,"featured_media":86922,"comment_status":"closed","ping_status":"closed","sticky":false,"template":"","format":"standard","meta":{"footnotes":""},"categories":[3],"tags":[],"class_list":["post-99173","post","type-post","status-publish","format-standard","has-post-thumbnail","category-masnoticias"],"_links":{"self":[{"href":"https:\/\/primicias2262.com\/noticias\/wp-json\/wp\/v2\/posts\/99173","targetHints":{"allow":["GET"]}}],"collection":[{"href":"https:\/\/primicias2262.com\/noticias\/wp-json\/wp\/v2\/posts"}],"about":[{"href":"https:\/\/primicias2262.com\/noticias\/wp-json\/wp\/v2\/types\/post"}],"author":[{"embeddable":true,"href":"https:\/\/primicias2262.com\/noticias\/wp-json\/wp\/v2\/users\/3"}],"replies":[{"embeddable":true,"href":"https:\/\/primicias2262.com\/noticias\/wp-json\/wp\/v2\/comments?post=99173"}],"version-history":[{"count":0,"href":"https:\/\/primicias2262.com\/noticias\/wp-json\/wp\/v2\/posts\/99173\/revisions"}],"wp:attachment":[{"href":"https:\/\/primicias2262.com\/noticias\/wp-json\/wp\/v2\/media?parent=99173"}],"wp:term":[{"taxonomy":"category","embeddable":true,"href":"https:\/\/primicias2262.com\/noticias\/wp-json\/wp\/v2\/categories?post=99173"},{"taxonomy":"post_tag","embeddable":true,"href":"https:\/\/primicias2262.com\/noticias\/wp-json\/wp\/v2\/tags?post=99173"}],"curies":[{"name":"wp","href":"https:\/\/api.w.org\/{rel}","templated":true}]}}