{"id":99178,"date":"2023-04-13T12:52:40","date_gmt":"2023-04-13T15:52:40","guid":{"rendered":"https:\/\/primicias2262.com\/?p=99178"},"modified":"2023-04-13T12:52:40","modified_gmt":"2023-04-13T15:52:40","slug":"organizaciones-de-vecinos-piden-a-kicillof-la-estatizacion-del-puerto-de-quequen","status":"publish","type":"post","link":"https:\/\/primicias2262.com\/noticias\/organizaciones-de-vecinos-piden-a-kicillof-la-estatizacion-del-puerto-de-quequen\/","title":{"rendered":"Organizaciones de vecinos piden a Kicillof la \u201cestatizaci\u00f3n\u201d del Puerto de Quequ\u00e9n"},"content":{"rendered":"<div class=\"col-12 col-sm-9\">\n<div class=\"nota_content mt-30\">\n<p><strong>Acusan a la empresa concesionaria de evasi\u00f3n impositiva y, en consecuencia, generar p\u00e9rdidas millonarias en d\u00f3lares a los Estados nacional y provincial.<\/strong><\/p>\n<p>Vecinos pertenecientes a la Asamblea Popular por la Soberan\u00eda del Puerto de Quequ\u00e9n volver\u00e1n a reunirse este mi\u00e9rcoles para redactar un nuevo documento dirigido al gobernador de la provincia de Buenos Aires, Axel Kicillof, para solicitarle que \u201cinterceda\u201d para la \u201crecuperaci\u00f3n y estatizaci\u00f3n\u201d de esa terminal portuaria, que permitir\u00eda al Gobierno nacional y bonaerense recuperar \u201cmillonarias sumas en d\u00f3lares\u201d que se pierden como consecuencia de la evasi\u00f3n impositiva.<\/p>\n<p>\u201cHemos calculado que a nivel nacional, en 2022, se produjo una p\u00e9rdida directa de unos 6.000 millones de d\u00f3lares a causa de las evasiones impositivas. Esto significa un perjuicio econ\u00f3mico indirecto por fugas de divisas cercano a los 9.000 millones de d\u00f3lares al a\u00f1o\u201d, se\u00f1al\u00f3 a T\u00e9lam Miguel \u00c1ngel Bay\u00f3n, uno de los fundadores de la Asamblea en Defensa del Puerto de Quequ\u00e9n.<\/p>\n<p>Los integrantes de esta agrupaci\u00f3n volver\u00e1n a reunirse el mi\u00e9rcoles a partir de las 19, en la sede del Banco Credicoop, ubicado en la calle 61 N\u00b0 3150 de Quequ\u00e9n, donde se proyectar\u00e1 un power point mostrando las \u201cgrandes ganancias y lo que evade la Transnacional Terminal Quequ\u00e9n SA, concesionaria que explota las instalaciones del Puerto Quequ\u00e9n\u201d.<\/p>\n<p>\u201cNuestra Asamblea Popular y Soberana propone el regreso al Estado nacional y provincial del Puerto de Quequ\u00e9n, por donde se exporta el 40% del total del citado puerto y, para ello, hemos redactado un proyecto, que est\u00e1 en un todo de acuerdo a la legislaci\u00f3n nacional y provincial\u201d, precis\u00f3 el dirigente vecinal.<\/p>\n<p>Seg\u00fan explic\u00f3, \u201cregresando el Estado, el Puerto de Quequ\u00e9n podr\u00e1 cumplir la funci\u00f3n no s\u00f3lo de prestar el servicio de acopio, elevaci\u00f3n y carga, sino de exportar por s\u00ed mismo\u201d.<\/p>\n<p>\u201cLograr\u00edamos tener la primera empresa testigo en la exportaci\u00f3n de granos y subproductos del pa\u00eds, volviendo a poner en marcha la soberan\u00eda, tantas veces olvidada\u201d, remarc\u00f3 el dirigente.<\/p>\n<p>Para Bay\u00f3n, \u201cla lucha por la reestatizaci\u00f3n del Puerto de Quequ\u00e9n es una causa de defensa de la soberan\u00eda nacional y un eslab\u00f3n de otra luchas\u201d, como la defensa del Canal Magdalena en el R\u00edo de la Plata.<\/p>\n<p>\u201cTuvimos una reuni\u00f3n positiva con el gobernador Axel Kicillof y creemos que si quiere ser absolutamente coherente con su forma pol\u00edtica de pensar, le debiera interesar la recuperaci\u00f3n definitiva de esta terminal portuaria de Quequ\u00e9n\u201d, sostuvo.<\/p>\n<\/div>\n<\/div>\n","protected":false},"excerpt":{"rendered":"<p>Acusan a la empresa concesionaria de evasi\u00f3n impositiva y, en consecuencia, generar p\u00e9rdidas millonarias en d\u00f3lares a los Estados nacional y provincial. Vecinos pertenecientes a la Asamblea Popular por la Soberan\u00eda del Puerto de Quequ\u00e9n volver\u00e1n a reunirse este mi\u00e9rcoles para redactar un nuevo documento dirigido al gobernador de la provincia de Buenos Aires, Axel [&hellip;]<\/p>\n","protected":false},"author":3,"featured_media":73597,"comment_status":"closed","ping_status":"closed","sticky":false,"template":"","format":"standard","meta":{"footnotes":""},"categories":[3],"tags":[],"class_list":["post-99178","post","type-post","status-publish","format-standard","has-post-thumbnail","category-masnoticias"],"_links":{"self":[{"href":"https:\/\/primicias2262.com\/noticias\/wp-json\/wp\/v2\/posts\/99178","targetHints":{"allow":["GET"]}}],"collection":[{"href":"https:\/\/primicias2262.com\/noticias\/wp-json\/wp\/v2\/posts"}],"about":[{"href":"https:\/\/primicias2262.com\/noticias\/wp-json\/wp\/v2\/types\/post"}],"author":[{"embeddable":true,"href":"https:\/\/primicias2262.com\/noticias\/wp-json\/wp\/v2\/users\/3"}],"replies":[{"embeddable":true,"href":"https:\/\/primicias2262.com\/noticias\/wp-json\/wp\/v2\/comments?post=99178"}],"version-history":[{"count":0,"href":"https:\/\/primicias2262.com\/noticias\/wp-json\/wp\/v2\/posts\/99178\/revisions"}],"wp:attachment":[{"href":"https:\/\/primicias2262.com\/noticias\/wp-json\/wp\/v2\/media?parent=99178"}],"wp:term":[{"taxonomy":"category","embeddable":true,"href":"https:\/\/primicias2262.com\/noticias\/wp-json\/wp\/v2\/categories?post=99178"},{"taxonomy":"post_tag","embeddable":true,"href":"https:\/\/primicias2262.com\/noticias\/wp-json\/wp\/v2\/tags?post=99178"}],"curies":[{"name":"wp","href":"https:\/\/api.w.org\/{rel}","templated":true}]}}