{"id":99189,"date":"2023-04-13T14:02:49","date_gmt":"2023-04-13T17:02:49","guid":{"rendered":"https:\/\/primicias2262.com\/?p=99189"},"modified":"2023-04-13T14:02:49","modified_gmt":"2023-04-13T17:02:49","slug":"fallecio-mario-ferrari","status":"publish","type":"post","link":"https:\/\/primicias2262.com\/noticias\/fallecio-mario-ferrari\/","title":{"rendered":"Falleci\u00f3 Mario Ferrari"},"content":{"rendered":"<p><strong>Por Jorge G\u00f3mez<\/strong><\/p>\n<p><a href=\"https:\/\/primicias2262.com\/wp-content\/uploads\/2021\/08\/Gomez.jpg\"><img loading=\"lazy\" decoding=\"async\" class=\"alignleft size-thumbnail wp-image-80409\" src=\"https:\/\/primicias2262.com\/wp-content\/uploads\/2021\/08\/Gomez-150x150.jpg\" alt=\"\" width=\"150\" height=\"150\" \/><\/a>Seg\u00fan diversas fuentes consultadas, todas relacionadas a la actividad del Derecho local, confirmaron este mediod\u00eda que, en la presente jornada, o sea este jueves 13 de abril, falleci\u00f3 el abogado necochense Mario Alejandro Ferrari.<\/p>\n<p>Ferrari se hallaba internado en una residencia de la tercera edad de nuestro medio, tras sufrir serios problemas de salud, entre ellos la amputaci\u00f3n parcial de una de sus piernas.<\/p>\n<p>De acuerdo a aquellas fuentes el aludido deceso se produjo en las \u00faltimas horas, como consecuencia de esa secuela de malestares que lo ven\u00eda aquejando.<\/p>\n<p>Mario Ferrari, integrante de una reconocida familia de Necochea, se recibi\u00f3 de abogado en la Facultad de Derecho de la Universidad Nacional de C\u00f3rdoba, tras egresar del ex Colegio Nacional de Necochea donde cumpli\u00f3 su formaci\u00f3n de educaci\u00f3n media.<\/p>\n<p>Dado que se hallaban en curso sus tr\u00e1mites de jubilaci\u00f3n, y pese a carecer de algunos datos esenciales o b\u00e1sicos en materia informativa, cercanos al profesional se\u00f1alan que ten\u00eda en la actualidad 64 a\u00f1os de edad.<\/p>\n<p>De reconocida y permanente militancia en las filas de la Uni\u00f3n C\u00edvica Radical de Necochea, tras recibirse de abogado particip\u00f3 durante d\u00e9cadas en la vida del centenario partido.<\/p>\n<p>Fue concejal titular electo de Necochea, con mandato cumplido entre 1987 y 1991, y particip\u00f3 -entre otras acciones legislativas- en la comisi\u00f3n investigadora que desemboc\u00f3 en la destituci\u00f3n del ex intendente -tambi\u00e9n fallecido- Horacio Alfredo Vidal.<\/p>\n<p>Tambi\u00e9n tuvo actuaciones diversas como part\u00edcipe en las actividades del Colegio de Abogados del Departamento Judicial local.<\/p>\n<p>Fue un amigo de quien escribe estas l\u00edneas, a quien despido con afecto y consideraci\u00f3n.<\/p>\n<p>Noticia en desarrollo.<\/p>\n<p><strong>FOTO PORTADA: ECOS DIARIOS<\/strong><\/p>\n","protected":false},"excerpt":{"rendered":"<p>Por Jorge G\u00f3mez Seg\u00fan diversas fuentes consultadas, todas relacionadas a la actividad del Derecho local, confirmaron este mediod\u00eda que, en la presente jornada, o sea este jueves 13 de abril, falleci\u00f3 el abogado necochense Mario Alejandro Ferrari. Ferrari se hallaba internado en una residencia de la tercera edad de nuestro medio, tras sufrir serios problemas [&hellip;]<\/p>\n","protected":false},"author":3,"featured_media":99190,"comment_status":"closed","ping_status":"closed","sticky":false,"template":"","format":"standard","meta":{"footnotes":""},"categories":[3],"tags":[],"class_list":["post-99189","post","type-post","status-publish","format-standard","has-post-thumbnail","category-masnoticias"],"_links":{"self":[{"href":"https:\/\/primicias2262.com\/noticias\/wp-json\/wp\/v2\/posts\/99189","targetHints":{"allow":["GET"]}}],"collection":[{"href":"https:\/\/primicias2262.com\/noticias\/wp-json\/wp\/v2\/posts"}],"about":[{"href":"https:\/\/primicias2262.com\/noticias\/wp-json\/wp\/v2\/types\/post"}],"author":[{"embeddable":true,"href":"https:\/\/primicias2262.com\/noticias\/wp-json\/wp\/v2\/users\/3"}],"replies":[{"embeddable":true,"href":"https:\/\/primicias2262.com\/noticias\/wp-json\/wp\/v2\/comments?post=99189"}],"version-history":[{"count":0,"href":"https:\/\/primicias2262.com\/noticias\/wp-json\/wp\/v2\/posts\/99189\/revisions"}],"wp:attachment":[{"href":"https:\/\/primicias2262.com\/noticias\/wp-json\/wp\/v2\/media?parent=99189"}],"wp:term":[{"taxonomy":"category","embeddable":true,"href":"https:\/\/primicias2262.com\/noticias\/wp-json\/wp\/v2\/categories?post=99189"},{"taxonomy":"post_tag","embeddable":true,"href":"https:\/\/primicias2262.com\/noticias\/wp-json\/wp\/v2\/tags?post=99189"}],"curies":[{"name":"wp","href":"https:\/\/api.w.org\/{rel}","templated":true}]}}