{"id":99195,"date":"2023-04-14T09:22:32","date_gmt":"2023-04-14T12:22:32","guid":{"rendered":"https:\/\/primicias2262.com\/?p=99195"},"modified":"2023-04-14T09:22:32","modified_gmt":"2023-04-14T12:22:32","slug":"inseguridad-martinez-reconocio-la-problematica-con-preocupacion-y-vinculo-a-la-droga","status":"publish","type":"post","link":"https:\/\/primicias2262.com\/noticias\/inseguridad-martinez-reconocio-la-problematica-con-preocupacion-y-vinculo-a-la-droga\/","title":{"rendered":"Inseguridad: Mart\u00ednez reconoci\u00f3 la problem\u00e1tica con preocupaci\u00f3n y vincul\u00f3 a la droga"},"content":{"rendered":"<p><strong>Durante una nota realizada por el periodista Jorge G\u00f3mez en \u201cVoces de la Ciudad\u201d, el secretario de Gobierno, Jorge Mart\u00ednez, habl\u00f3 de la falta de recursos para paliar la inseguridad y fij\u00f3 que solo se sale adelante de manera conjunta con fuerzas de seguridad y dem\u00e1s estamentos. \u201cNecochea es una ciudad con idiosincrasia de pueblo pero con problem\u00e1ticas cada vez m\u00e1s complejas\u201d, afirm\u00f3, e inst\u00f3 a los vecinos a denunciar los puestitos de droga, \u201cque hay uno en todos los barrios\u201d. \u00a0<\/strong><\/p>\n<p>\u201cEstamos muy atentos, preocupados y ocupados\u2026 no se puede negar la realidad, es de p\u00fablico conocimiento la ola de robos en los \u00faltimos 15 d\u00edas, aunque nosotros ya lo ven\u00edamos viendo hace un tiempo, se est\u00e1 dando en determinados barrios con mucha intensidad, y en Quequ\u00e9n principalmente\u201d. As\u00ed, sin esquivar el bulto, el secretario de Gobierno, Jorge Mart\u00ednez, confirm\u00f3 que crece en el Ejecutivo la preocupaci\u00f3n por la creciente inseguridad en el distrito.<\/p>\n<p>Afirm\u00f3 al respecto que \u201cuno ve a diario videos y quejas de los vecinos, y ya no tenemos que hablar de que es una sensaci\u00f3n o barrer debajo de la alfombra, sino que la inseguridad es real y estamos preocupados, porque adem\u00e1s cuando vamos a hablar con los comisarios vemos que son pocos los casos denunciados en promedio con los que suceden\u2026 s\u00e9 que es engorroso y tedioso, pero hay que denunciar y llamar al 911 porque eso nos permite tener datos concretos de lo que sucede en la calle y luego llamar al ministro y solicitar recursos\u201d.<\/p>\n<p>\u201cEs una situaci\u00f3n compleja que tiene que ver con lo social&#8230; cuando uno indaga, ve familias delictivas y barrios sale azorado de c\u00f3mo se vive, los valores que se manejan y las costumbres que se van arraigando\u201d, subray\u00f3 el funcionario, para explicar el rol del municipio en todo este entramado: \u201cNosotros tenemos la tarea de darle una mano a las fuerzas de seguridad en todo lo posible, con recursos y todo lo que sea necesario, estamos en permanente contacto y conreuniones con el jefe Departamental y de otras dependencias, como as\u00ed con vecinos de barrios seriamente afectados por la inseguridad\u201d.<\/p>\n<p><strong>El rol que juega la droga y la clara falta de recursos<\/strong><\/p>\n<p>Sin embargo, dej\u00f3 en claro los l\u00edmites con que se cuenta al expresar que \u201cvos como municipio no nombr\u00e1s jueces ni fiscales, no decid\u00eds sobre allanamientos y detenciones, no decid\u00eds el jefe de la polic\u00eda \u2026 lo que podemos hacer es trabajar en forma coordinada y tenemos una excelente relaci\u00f3n con las fuerzas de seguridad y la justicia, y hay un aliciente: la realidad econ\u00f3mica tampoco acompa\u00f1a en ning\u00fan lado, ni en el conurbano ni ac\u00e1\u201d.<\/p>\n<p>En ese aspecto, resalt\u00f3 Mart\u00ednez que \u201cac\u00e1 no se viene a poner a excusas ni a hablar de una sensaci\u00f3n, es una problem\u00e1tica real, y hay un tema que tiene que ver con la droga: en todos los barrios hay un puestito que vende y queremos insistir en que la gente se anime a denunciar por favor, la Secretar\u00eda de Gobierno est\u00e1 abierta para eso\u201d.<\/p>\n<p>Adem\u00e1s, el secretario mencion\u00f3 dos hechos trascendentales que sucedieron para entender la falta de recursos hoy en la ciudad: el cierre de la escuela de Polic\u00eda Local que estaba en el polideportivo y la desafectaci\u00f3n en 2021 desde Provincia de 40 agentes policiales que nunca se repusieron.<\/p>\n<p>\u201cEn su momento lo planteamos y lo sabe todo el mundo, hemos intentado y hablado con el ministro (Sergio) Berni y est\u00e1 todo en la nada, y hoy estamos pagando esas consecuencias de lo que es la falta de recursos\u201d, argument\u00f3 Mart\u00ednez, para se\u00f1alar que las \u00fanicas herramientas con que cuenta el municipio son las que tienen que ver con prevenci\u00f3n, como las camionetas, el bot\u00f3n antip\u00e1nico o la sala de monitoreo. \u201cEntonces lo que hace el municipio es coordinar las fuerzas de seguridad, tener charlas con jueces, fiscales y vecinos\u201d, insisti\u00f3.<\/p>\n<p>A la hora de poner nombres propios de problem\u00e1ticas en barrios, Mart\u00ednez se\u00f1al\u00f3 que \u201cen Villa Zabala, del Deportista y Florida tenemos un problema con la toma de posesi\u00f3n y usurpaci\u00f3n de terrenos; en Balneario Los \u00c1ngeles ya est\u00e1 detectada la persona que delinque y vamos a tener una reuni\u00f3n importante la semana que viene para la urbanizaci\u00f3n del lugar con obras y asistencia de seguridad y salud\u201d.<\/p>\n<p><strong>Llegar\u00e1 una importante partida de dinero para arreglar comisar\u00edas<\/strong><\/p>\n<p>En tanto, adelant\u00f3 que \u201cahora nos llegar\u00e1 un fondo de seguridad por 77 millones de pesos que lo vamos a destinar al arreglo de dependencias policiales, donde hace a\u00f1os y a\u00f1os que no se invierte, como por ejemplo en la comisar\u00eda de Quequ\u00e9n o en Claraz\u201d.<\/p>\n<p>Finalmente, el funcionario defini\u00f3 que \u201cNecochea es una ciudad con idiosincrasia de pueblo y que se maneja como pueblo, pero con problem\u00e1ticas cada vez m\u00e1s complejas\u201d, aunque en ese sentido afirm\u00f3 que \u201chay que dar la cara siempre y estar presente, que el vecino se descargue y diga todo lo que tenga que decir, despu\u00e9s vienen los consensos y hay que trabajar de manera conjunta, porque solitos no se sale\u201d.<\/p>\n","protected":false},"excerpt":{"rendered":"<p>Durante una nota realizada por el periodista Jorge G\u00f3mez en \u201cVoces de la Ciudad\u201d, el secretario de Gobierno, Jorge Mart\u00ednez, habl\u00f3 de la falta de recursos para paliar la inseguridad y fij\u00f3 que solo se sale adelante de manera conjunta con fuerzas de seguridad y dem\u00e1s estamentos. \u201cNecochea es una ciudad con idiosincrasia de pueblo [&hellip;]<\/p>\n","protected":false},"author":3,"featured_media":97849,"comment_status":"closed","ping_status":"closed","sticky":false,"template":"","format":"standard","meta":{"footnotes":""},"categories":[5],"tags":[],"class_list":{"0":"post-99195","1":"post","2":"type-post","3":"status-publish","4":"format-standard","5":"has-post-thumbnail","7":"category-neco"},"_links":{"self":[{"href":"https:\/\/primicias2262.com\/noticias\/wp-json\/wp\/v2\/posts\/99195","targetHints":{"allow":["GET"]}}],"collection":[{"href":"https:\/\/primicias2262.com\/noticias\/wp-json\/wp\/v2\/posts"}],"about":[{"href":"https:\/\/primicias2262.com\/noticias\/wp-json\/wp\/v2\/types\/post"}],"author":[{"embeddable":true,"href":"https:\/\/primicias2262.com\/noticias\/wp-json\/wp\/v2\/users\/3"}],"replies":[{"embeddable":true,"href":"https:\/\/primicias2262.com\/noticias\/wp-json\/wp\/v2\/comments?post=99195"}],"version-history":[{"count":0,"href":"https:\/\/primicias2262.com\/noticias\/wp-json\/wp\/v2\/posts\/99195\/revisions"}],"wp:featuredmedia":[{"embeddable":true,"href":"https:\/\/primicias2262.com\/noticias\/wp-json\/"}],"wp:attachment":[{"href":"https:\/\/primicias2262.com\/noticias\/wp-json\/wp\/v2\/media?parent=99195"}],"wp:term":[{"taxonomy":"category","embeddable":true,"href":"https:\/\/primicias2262.com\/noticias\/wp-json\/wp\/v2\/categories?post=99195"},{"taxonomy":"post_tag","embeddable":true,"href":"https:\/\/primicias2262.com\/noticias\/wp-json\/wp\/v2\/tags?post=99195"}],"curies":[{"name":"wp","href":"https:\/\/api.w.org\/{rel}","templated":true}]}}