{"id":99198,"date":"2023-04-14T11:17:29","date_gmt":"2023-04-14T14:17:29","guid":{"rendered":"https:\/\/primicias2262.com\/?p=99198"},"modified":"2023-04-14T11:17:29","modified_gmt":"2023-04-14T14:17:29","slug":"culmino-la-ejecucion-de-led-en-el-complejo-jesuita-cardiel-y-se-avanza-en-mas-seguridad","status":"publish","type":"post","link":"https:\/\/primicias2262.com\/noticias\/culmino-la-ejecucion-de-led-en-el-complejo-jesuita-cardiel-y-se-avanza-en-mas-seguridad\/","title":{"rendered":"Culmin\u00f3 la ejecuci\u00f3n de Led en el Complejo Jesuita Cardiel y se avanza en m\u00e1s seguridad"},"content":{"rendered":"<p><strong>\u201cParece de d\u00eda en las calles internas, que es a lo que se apostaba, generar m\u00e1s seguridad en el predio\u201d, manifest\u00f3 la presidenta del Consejo Escolar, Silvina Jensen, quien adem\u00e1s se\u00f1al\u00f3 que siguen las gestiones para tener c\u00e1maras de seguridad en el complejo y cobertura policial en horarios claves.<\/strong><\/p>\n<p>Durante una nota realizada por el periodista Jorge G\u00f3mez en \u201cVoces de la Ciudad\u201d, Jensen habl\u00f3 primeramente sobre la obra de nueva iluminaci\u00f3n en el predio que gestion\u00f3 el Consejo, al destacar el trabajo realizado por la empresa local Servicios RG Srl. \u201cLa verdad es que qued\u00f3 hermoso, parece de d\u00eda en las calles internas, que es a lo que se apostaba, generar m\u00e1s seguridad en el predio\u201d, asegur\u00f3, para subrayar que \u201ces una empresa que trabaja muy bien, hay solo un sector que falta del sem\u00e1foro de Jesuita Cardiel hacia la Terminal que hay que volver a conectar porque ya tiene todas las luminarias, pero no afecta el interior donde circula la gente, sino que se usa de estacionamiento durante el d\u00eda\u201d.<\/p>\n\n<p>\u201cAhora hay que tratar de estar atentos y si vemos gente que no corresponde llamar al 911 y evitar que vuelvan a vandalizar las luminarias, de hecho del fin de semana al lunes nos faltaron fotoc\u00e9lulas nuevas\u201d, acot\u00f3 la presidenta del Consejo Escolar.<\/p>\n<p>En simult\u00e1neo a ello, Silvina record\u00f3 que en la parte donde hab\u00eda intrusos se tiraron algunas paredes que tapaban la visibilidad y se est\u00e1 trabajando en etapas con fondos municipales en lo que es un complejo de propiedad provincial, pero con la orden de la Justicia para que el municipio colaborara en la demolici\u00f3n.<\/p>\n\n<p><strong>Se podr\u00eda haber evitado el intento de abuso<\/strong><\/p>\n<p>Todo se aceler\u00f3 tras aquel intento de abuso por parte de los intrusos del lugar hacia una estudiante del complejo, y en ese sentido Jensen apunt\u00f3 a la Fiscal\u00eda y la Justicia: \u201cSi esa pata, que es la que tiene que acelerar, hubiera acelerado, ese intento de abuso se hubiera evitado\u201d, y argument\u00f3 que \u201cnosotros desde noviembre todas las instituciones del lugar venimos haciendo montones de denuncias y doy fe de que el secretario de Gobierno Jorge Mart\u00ednez estuvo ayudando para que los tiempos se aceleraran porque ten\u00edamos miedo de que pasara algo\u2026 y pas\u00f3\u201d.<\/p>\n<p><a href=\"https:\/\/primicias2262.com\/wp-content\/uploads\/2023\/02\/silvina-jensen-56.jpeg\"><img loading=\"lazy\" decoding=\"async\" class=\"aligncenter size-full wp-image-97884\" src=\"https:\/\/primicias2262.com\/wp-content\/uploads\/2023\/02\/silvina-jensen-56.jpeg\" alt=\"\" width=\"1024\" height=\"768\" \/><\/a>En ese predio de grandes dimensiones junto al r\u00edo, vale se\u00f1alar que funcionan m\u00faltiples instituciones como INTA, Todo para Ellos, Centro de Formaci\u00f3n Profesional N\u00ba 403, Instituto N\u00ba 31, CIE, Secundaria N\u00ba 17, Escuela de Artes Orillas del Quequ\u00e9n, Secretar\u00eda de Asuntos Docentes y Consejo Escolar. \u201cNosotros somos la cara visible y las otras instituciones descansan en que nosotros seamos generadores, aunque deber\u00eda ser un trabajo mucho m\u00e1s en conjunto\u201d, reconoci\u00f3 Silvina, para recordar a la pasada que \u201cel complejo todav\u00eda pertenece a Vialidad de la Provincia de Buenos Aires, ni siquiera pertenece a la Direcci\u00f3n General de Escuelas\u2026 el municipio ah\u00ed colabora de coraz\u00f3n y quiere evitar que pasen cosas como la que pas\u00f3\u201d. De hecho la Av. Jesuita Cardiel \u201choy tendr\u00eda luces Led si perteneciera al municipio, pero siguen siendo amarillas porque pertenece a Vialidad provincial\u201d, acot\u00f3.<\/p>\n\n<p><strong>Soluciones de fondo para el complejo<\/strong><\/p>\n<p>Finalmente, y ya pensando en soluciones de fondo para el Complejo Jesuita Cardiel, Jensen revel\u00f3 que \u201cen las \u00faltimas horas tuvimos una reuni\u00f3n importante con las fuerzas policiales, con Jorge Mastropierro de la Jefatura Departamental; con el Jefe del Comando de Patrulla, Mart\u00edn Urrestarazu; y con el subsecretario de Prevenci\u00f3n y Monitoreo del municipio, \u00c1ngel V\u00e1zquez; quienes nos pusieron en conocimiento de qu\u00e9 es con lo que cuentan para poder colaborar\u00a0 con nosotros en esto de organizar un operativo de mayor seguridad en el predio\u201d, y en tal sentido, \u201cel jefe de la Departamental se comprometi\u00f3 a cubrir con agentes los horarios de ingresos y egresos, es decir de 7.15 a 8.30; de las 12 a 13.30; el horario de salida de la secundaria y el horario nocturno, de 21 a las 22.30. Est\u00e1 bueno que ellos est\u00e9n controlando en esos horarios\u201d, inform\u00f3.<\/p>\n<p>Por su parte, \u201ccon \u00c1ngel V\u00e1zquez nos estuvimos asesorando sobre qu\u00e9 tipo de c\u00e1mara comprar porque vamos a colocar equipos de seguridad y prevenci\u00f3n, el Consejo Escolar las va a comprar y vamos a estar conectados directamente con la Sala de Monitoreo. Son todos paliativos, al igual que la carteler\u00eda, que la vamos a poner y cerrar la reja de acceso durante los fines de semana\u201d, concluy\u00f3.<\/p>\n\n","protected":false},"excerpt":{"rendered":"<p>\u201cParece de d\u00eda en las calles internas, que es a lo que se apostaba, generar m\u00e1s seguridad en el predio\u201d, manifest\u00f3 la presidenta del Consejo Escolar, Silvina Jensen, quien adem\u00e1s se\u00f1al\u00f3 que siguen las gestiones para tener c\u00e1maras de seguridad en el complejo y cobertura policial en horarios claves. Durante una nota realizada por el [&hellip;]<\/p>\n","protected":false},"author":3,"featured_media":99202,"comment_status":"closed","ping_status":"closed","sticky":false,"template":"","format":"standard","meta":{"footnotes":""},"categories":[3],"tags":[],"class_list":["post-99198","post","type-post","status-publish","format-standard","has-post-thumbnail","category-masnoticias"],"_links":{"self":[{"href":"https:\/\/primicias2262.com\/noticias\/wp-json\/wp\/v2\/posts\/99198","targetHints":{"allow":["GET"]}}],"collection":[{"href":"https:\/\/primicias2262.com\/noticias\/wp-json\/wp\/v2\/posts"}],"about":[{"href":"https:\/\/primicias2262.com\/noticias\/wp-json\/wp\/v2\/types\/post"}],"author":[{"embeddable":true,"href":"https:\/\/primicias2262.com\/noticias\/wp-json\/wp\/v2\/users\/3"}],"replies":[{"embeddable":true,"href":"https:\/\/primicias2262.com\/noticias\/wp-json\/wp\/v2\/comments?post=99198"}],"version-history":[{"count":0,"href":"https:\/\/primicias2262.com\/noticias\/wp-json\/wp\/v2\/posts\/99198\/revisions"}],"wp:attachment":[{"href":"https:\/\/primicias2262.com\/noticias\/wp-json\/wp\/v2\/media?parent=99198"}],"wp:term":[{"taxonomy":"category","embeddable":true,"href":"https:\/\/primicias2262.com\/noticias\/wp-json\/wp\/v2\/categories?post=99198"},{"taxonomy":"post_tag","embeddable":true,"href":"https:\/\/primicias2262.com\/noticias\/wp-json\/wp\/v2\/tags?post=99198"}],"curies":[{"name":"wp","href":"https:\/\/api.w.org\/{rel}","templated":true}]}}