{"id":99227,"date":"2023-04-15T12:39:52","date_gmt":"2023-04-15T15:39:52","guid":{"rendered":"https:\/\/primicias2262.com\/?p=99227"},"modified":"2023-04-15T12:39:52","modified_gmt":"2023-04-15T15:39:52","slug":"tiempo-de-balances-y-planificacion-el-municipio-agasajo-a-prestadores-turisticos-tras-el-verano","status":"publish","type":"post","link":"https:\/\/primicias2262.com\/noticias\/tiempo-de-balances-y-planificacion-el-municipio-agasajo-a-prestadores-turisticos-tras-el-verano\/","title":{"rendered":"Tiempo de balances y planificaci\u00f3n: el municipio agasaj\u00f3 a prestadores tur\u00edsticos tras el verano"},"content":{"rendered":"<p><strong>\u00abCrecer, innovar y desarrollarnos como industria tur\u00edstica no es una posibilidad, sino una obligaci\u00f3n\u00bb, afirm\u00f3 el intendente Arturo Rojas durante el encuentro con los representantes hoteleros, gastron\u00f3micos, de balnearios y hospedajes, entre otros.<\/strong><\/p>\n<p>Con el intendente Arturo Rojas a la cabeza, la gesti\u00f3n municipal realiz\u00f3 a trav\u00e9s de la Secretar\u00eda de Turismo y Desarrollo Productivo un agasajo para los prestadores tur\u00edsticos locales de diferentes rubros, encuentro que sirvi\u00f3 para hacer un balance de la temporada 2023, revisar pol\u00edticas a mejorar y coincidir en que las reuniones entre el p\u00fablico y el privado se deben realizar asiduamente.<\/p>\n<p><a href=\"https:\/\/primicias2262.com\/wp-content\/uploads\/2023\/04\/14-04-FOTO-Rojas-Turismo4.jpg\"><img loading=\"lazy\" decoding=\"async\" class=\"aligncenter size-full wp-image-99267\" src=\"https:\/\/primicias2262.com\/wp-content\/uploads\/2023\/04\/14-04-FOTO-Rojas-Turismo4.jpg\" alt=\"\" width=\"1600\" height=\"1066\" \/><\/a>En el marco de una amena ceremonia en el sector de la playa, el intendente Rojas no quiso dejar pasar por alto ante hoteleros, gastron\u00f3micos, balnearios y dem\u00e1s prestadores que \u201cson muy importantes por la inversi\u00f3n y la apuesta que hacen y la generaci\u00f3n de empleo genuino y de calidad\u201d, tras lo que les agradeci\u00f3 por su lucha para reponerse de a\u00f1os dif\u00edciles: \u201cA cada uno de ustedes les toc\u00f3 transitar la pandemia, algo \u00fanico y absolutamente dif\u00edcil, pero con mucho esfuerzo lograron sobreponerse, hoy est\u00e1n funcionando y lo valoramos grandemente desde el Estado Municipal\u201d.<\/p>\n<p>En esa l\u00ednea, el m\u00e1ximo mandatario del distrito expres\u00f3 que \u201cestamos para acompa\u00f1arlos y trabajar en conjunto para que haya cada vez m\u00e1s inversiones y potenciar el sector tur\u00edstico, por es importante juntarse, debatir y generar los consensos necesarios para que las obras sucedan aun en el transcurso de la temporada, porque venimos de muchos a\u00f1os de atraso en el distrito de Necochea\u201d, y por ende \u201clas puertas de mi despacho est\u00e1n absolutamente abiertas para ustedes\u201d, mencion\u00f3.<\/p>\n<p>Por ello, Rojas insisti\u00f3 en que \u201cdebemos transitar el camino del trabajo mancomunado para recuperar ese sitial en t\u00e9rminos tur\u00edsticos que Necochea supo tener\u2026 el perfil agroexportador ya lo tenemos pero tenemos que volver a recuperar la industria del turismo\u201d, y en ese sentido acot\u00f3 que \u201chemos empezado un camino para trabajar de manera regional con los municipios vecinos, quienes nos vienen reclamando que Necochea se ponga de pie y sea el motor del desarrollo econ\u00f3mico productivo y tur\u00edstico, y ese es el desaf\u00edo que tenemos por delante\u201d.<\/p>\n<p>Finalmente, el Intendente afirm\u00f3 que \u201cno solo tenemos las bellezas naturales, sino que tenemos gente con muchas ganas de seguir apostando al distrito, y nuestra responsabilidad desde el Estado Municipal es acompa\u00f1arlos y abrir las puertas para mayor posibilidades, as\u00ed que crecer, innovar y desarrollarnos como industria tur\u00edstica no es una posibilidad, sino una obligaci\u00f3n\u201d.<\/p>\n<p>En tanto, en representaci\u00f3n de los prestadores tur\u00edsticos dirigieron la palabra Alberto Condenanza de la Asociaci\u00f3n de Balnearios; Luis L\u00f3pez del rubro gastron\u00f3mico y Claudia Calvo por la Asociaci\u00f3n de hoteleros. El primero de ellos agradeci\u00f3 al Intendente y su equipo por la invitaci\u00f3n, \u201ccreo que este es el camino, el de juntarnos y poder intercambiar opiniones, proyectos e iniciativas\u201d, haciendo hincapi\u00e9 en la necesidad de que este tipo de encuentros contin\u00faen en el tiempo.<\/p>\n<p><a href=\"https:\/\/primicias2262.com\/wp-content\/uploads\/2023\/04\/14-04-FOTO-agasajo-Turismo2.jpg\"><img loading=\"lazy\" decoding=\"async\" class=\"aligncenter size-full wp-image-99264\" src=\"https:\/\/primicias2262.com\/wp-content\/uploads\/2023\/04\/14-04-FOTO-agasajo-Turismo2.jpg\" alt=\"\" width=\"1600\" height=\"1066\" \/><\/a>Luego, L\u00f3pez asegur\u00f3 que es muy importante estar juntos pensando en el pr\u00f3ximo a\u00f1o con bastante anticipaci\u00f3n, adem\u00e1s de enfatizar en mejorar cuestiones de seguridad y de informaci\u00f3n tur\u00edstica, al tiempo que Calvo subray\u00f3 que \u201cla ciudad tiene todo, nosotros desde la parte privada tenemos que hacer inversiones y el municipio tiene que acompa\u00f1ar esos pasos, y ser hospitalarios para que la persona que venga encuentre en un nuestra ciudad un lugar adonde quiera volver\u201d.<\/p>\n\n<p>A su tiempo, el secretario de Turismo y Desarrollo productivo, Mat\u00edas Sierra, coincidi\u00f3 en que \u201cesto es algo que tenemos que ir repitiendo porque hay muchas cosas para mejorar, as\u00ed que hay que empezar la semana venidera con la agenda de trabajo\u201d, al tiempo en que llam\u00f3 a reforzar los v\u00ednculos entre el sector p\u00fablico y privado, pero tambi\u00e9n los privados entre s\u00ed.<\/p>\n","protected":false},"excerpt":{"rendered":"<p>\u00abCrecer, innovar y desarrollarnos como industria tur\u00edstica no es una posibilidad, sino una obligaci\u00f3n\u00bb, afirm\u00f3 el intendente Arturo Rojas durante el encuentro con los representantes hoteleros, gastron\u00f3micos, de balnearios y hospedajes, entre otros. Con el intendente Arturo Rojas a la cabeza, la gesti\u00f3n municipal realiz\u00f3 a trav\u00e9s de la Secretar\u00eda de Turismo y Desarrollo Productivo [&hellip;]<\/p>\n","protected":false},"author":3,"featured_media":99263,"comment_status":"closed","ping_status":"closed","sticky":false,"template":"","format":"standard","meta":{"footnotes":""},"categories":[3],"tags":[],"class_list":["post-99227","post","type-post","status-publish","format-standard","has-post-thumbnail","category-masnoticias"],"_links":{"self":[{"href":"https:\/\/primicias2262.com\/noticias\/wp-json\/wp\/v2\/posts\/99227","targetHints":{"allow":["GET"]}}],"collection":[{"href":"https:\/\/primicias2262.com\/noticias\/wp-json\/wp\/v2\/posts"}],"about":[{"href":"https:\/\/primicias2262.com\/noticias\/wp-json\/wp\/v2\/types\/post"}],"author":[{"embeddable":true,"href":"https:\/\/primicias2262.com\/noticias\/wp-json\/wp\/v2\/users\/3"}],"replies":[{"embeddable":true,"href":"https:\/\/primicias2262.com\/noticias\/wp-json\/wp\/v2\/comments?post=99227"}],"version-history":[{"count":0,"href":"https:\/\/primicias2262.com\/noticias\/wp-json\/wp\/v2\/posts\/99227\/revisions"}],"wp:attachment":[{"href":"https:\/\/primicias2262.com\/noticias\/wp-json\/wp\/v2\/media?parent=99227"}],"wp:term":[{"taxonomy":"category","embeddable":true,"href":"https:\/\/primicias2262.com\/noticias\/wp-json\/wp\/v2\/categories?post=99227"},{"taxonomy":"post_tag","embeddable":true,"href":"https:\/\/primicias2262.com\/noticias\/wp-json\/wp\/v2\/tags?post=99227"}],"curies":[{"name":"wp","href":"https:\/\/api.w.org\/{rel}","templated":true}]}}