{"id":99236,"date":"2023-04-15T13:57:39","date_gmt":"2023-04-15T16:57:39","guid":{"rendered":"https:\/\/primicias2262.com\/?p=99236"},"modified":"2023-04-15T13:57:39","modified_gmt":"2023-04-15T16:57:39","slug":"aumenta-el-servicio-de-luz-rige-desde-abril-y-ronda-un-27-para-los-usuarios","status":"publish","type":"post","link":"https:\/\/primicias2262.com\/noticias\/aumenta-el-servicio-de-luz-rige-desde-abril-y-ronda-un-27-para-los-usuarios\/","title":{"rendered":"Aumenta el servicio de luz: rige desde abril y ronda un 27% para los usuarios"},"content":{"rendered":"<p><strong>Rub\u00e9n Quatrocchio, del cuerpo gerencial de la Usina Popular Cooperativa, explic\u00f3 en riguroso detalle el tema durante una nota realizada por el periodista Jorge G\u00f3mez en \u201cVoces de la Ciudad\u201d. El aument\u00f3 que ya empez\u00f3 a correr se percibir\u00e1 en la facturaci\u00f3n de junio y a partir de ese mes habr\u00e1 otro aumento menor.<\/strong><\/p>\n<p>Ante la consulta acerca de la autorizaci\u00f3n de la Provincia en los \u00faltimos d\u00edas para la suba en las tarifas de luz, Quatrocchio lleg\u00f3 para aclarar que el aumento significar\u00e1 un porcentaje para los consumos de la cooperativa, pero otro menor para los vecinos usuarios.<\/p>\n<p>Tras mirar la situaci\u00f3n con el resto del personal t\u00e9cnico de la UPC, el gerente confirm\u00f3 que \u201csali\u00f3 una resoluci\u00f3n del Organismo de Control de la Provincia de Buenos Aires a trav\u00e9s del que habr\u00e1 un aumento del VAD (Valor Agregado de Distribuci\u00f3n) para la distribuidora de energ\u00eda el\u00e9ctrica y por supuesto incluidas las cooperativas el\u00e9ctricas. Ese aumento que otorga la Provincia es de un 108%, pero es para consumos y rige desde el 1\u00ba de abril, es decir que lo vamos a percibir en la factura de junio-julio\u201d.<\/p>\n<p>Al instante, Quatrocchio llev\u00f3 tranquilidad a la audiencia: \u201cAclaro que el aumento es del Valor de Distribuci\u00f3n, que si bien ha habido peque\u00f1os aumentos tarifarios en el \u00faltimo tiempo, estos no se han visto reflejados en beneficio de la cooperativa, es decir no queda nada en la cooperativa, as\u00ed que si bien ha aumentado la factura todo eso se va hacia el generador, pero ahora con este 108% se paga para la utilidad y en parte para bancar la operatoria de la copperativa y los sueldos, el combustible que se consume, la compra de materiales como cables, conductores o generadores, y eso tiene que salir de la tarifa, lo cual estaba planchado hace cuatro a\u00f1os\u201d.<\/p>\n<p>Tras esa explicaci\u00f3n, pas\u00f3 en limpio que \u201cas\u00ed que lo que aument\u00f3 es el VAD que deber\u00eda quedarse en la cooperativa el\u00e9ctrica, pero no significa que al usuario se le va aumentar un 108%\u201d, tras lo cual inform\u00f3 al detalle que <strong>\u201cesto va a significar en la factura un aumento promedio del 26,55%, ese va a ser el orden promedio\u201d.<\/strong><\/p>\n<p><a href=\"https:\/\/primicias2262.com\/wp-content\/uploads\/2023\/04\/quatrocchio.jpg\"><img loading=\"lazy\" decoding=\"async\" class=\"aligncenter size-full wp-image-99237\" src=\"https:\/\/primicias2262.com\/wp-content\/uploads\/2023\/04\/quatrocchio.jpg\" alt=\"\" width=\"1024\" height=\"768\" \/><\/a><\/p>\n<p>Obviamente, seg\u00fan la escala del inmueble variar\u00e1 el aumento. Por ejemplo, \u201cen una casa com\u00fan aumentar\u00e1 un 26 o 27%; el que tiene un comercio va a andar en el orden del 22% el aumento promedio; el que tiene una peque\u00f1a industria entre el 20 y el 35%; y ya un gran usuario de distribuci\u00f3n andar\u00e1 en el orden del 20%; mientras que para las grandes empresas que no son directamente consumidores nuestros pero usan nuestras redes, el orden ser\u00e1 del 71 o 72%\u201d, repas\u00f3.<\/p>\n<p>Por ende, \u201cel promedio de todo esto va a significar un aumento promedio del 26 o 27% y est\u00e1 rigiendo desde abril hasta junio\u201d, insisti\u00f3, para confirmar que desde mitad de a\u00f1o habr\u00e1 otro peque\u00f1o sacud\u00f3n: \u201cEn junio volver\u00e1 a haber otro incremento siempre referenciado en el VAD, al 108% se le sumar\u00e1 un 74%, y la discriminaci\u00f3n para el usuario andar\u00e1 en el orden del 15 o 18%, que eso reci\u00e9n el usuario lo va a ver en septiembre\u201d, se\u00f1al\u00f3.<\/p>\n<p>Pasando directamente a n\u00fameros, si una persona consume unos 2 mil pesos por mes actualmente, con el promedio del 26% m\u00e1s, tendr\u00e1 que abonar algo m\u00e1s de 500 pesos m\u00e1s por mes.<\/p>\n<p>De todas maneras, y ya mirando m\u00e1s hacia dentro de la instituci\u00f3n, Quatrocchio asegur\u00f3 que \u201ceste aumento del VAD lejos est\u00e1 de solucionar el problema de la distribuci\u00f3n el\u00e9ctrica en el pa\u00eds y en la provincia de Buenos Aires\u2026 las distribuidoras no tienen un aumento del VAD hace unos cuatro a\u00f1os, este aumento nos da apenas un poco de ox\u00edgeno, ya que venimos de una inflaci\u00f3n de 107% y de un 300% en los \u00faltimos cuatro a\u00f1os, y estamos hablando reci\u00e9n de un aumento del VAD de 108%, cuando tendr\u00edamos que estar hablando del 300%, pero bueno por lo menos se empez\u00f3 a mover\u201d.<\/p>\n<p>Finalmente, el gerente se\u00f1al\u00f3 que los subsidios se aplicar\u00e1n de acuerdo al nivel adquisitivo de cada usuario, dividido en las categor\u00edas N1, N2 y N3, y avis\u00f3 en cuanto a deudas que \u201ca los que deben mucho, pueden pagar y no pagan se les empezar\u00e1 a cortar, mientras que habr\u00e1 un plan de pago para los que quieren recuperar deuda\u201d.<\/p>\n","protected":false},"excerpt":{"rendered":"<p>Rub\u00e9n Quatrocchio, del cuerpo gerencial de la Usina Popular Cooperativa, explic\u00f3 en riguroso detalle el tema durante una nota realizada por el periodista Jorge G\u00f3mez en \u201cVoces de la Ciudad\u201d. El aument\u00f3 que ya empez\u00f3 a correr se percibir\u00e1 en la facturaci\u00f3n de junio y a partir de ese mes habr\u00e1 otro aumento menor. Ante [&hellip;]<\/p>\n","protected":false},"author":3,"featured_media":79508,"comment_status":"closed","ping_status":"closed","sticky":false,"template":"","format":"standard","meta":{"footnotes":""},"categories":[3],"tags":[],"class_list":["post-99236","post","type-post","status-publish","format-standard","has-post-thumbnail","category-masnoticias"],"_links":{"self":[{"href":"https:\/\/primicias2262.com\/noticias\/wp-json\/wp\/v2\/posts\/99236","targetHints":{"allow":["GET"]}}],"collection":[{"href":"https:\/\/primicias2262.com\/noticias\/wp-json\/wp\/v2\/posts"}],"about":[{"href":"https:\/\/primicias2262.com\/noticias\/wp-json\/wp\/v2\/types\/post"}],"author":[{"embeddable":true,"href":"https:\/\/primicias2262.com\/noticias\/wp-json\/wp\/v2\/users\/3"}],"replies":[{"embeddable":true,"href":"https:\/\/primicias2262.com\/noticias\/wp-json\/wp\/v2\/comments?post=99236"}],"version-history":[{"count":0,"href":"https:\/\/primicias2262.com\/noticias\/wp-json\/wp\/v2\/posts\/99236\/revisions"}],"wp:attachment":[{"href":"https:\/\/primicias2262.com\/noticias\/wp-json\/wp\/v2\/media?parent=99236"}],"wp:term":[{"taxonomy":"category","embeddable":true,"href":"https:\/\/primicias2262.com\/noticias\/wp-json\/wp\/v2\/categories?post=99236"},{"taxonomy":"post_tag","embeddable":true,"href":"https:\/\/primicias2262.com\/noticias\/wp-json\/wp\/v2\/tags?post=99236"}],"curies":[{"name":"wp","href":"https:\/\/api.w.org\/{rel}","templated":true}]}}