{"id":99239,"date":"2023-04-15T14:17:36","date_gmt":"2023-04-15T17:17:36","guid":{"rendered":"https:\/\/primicias2262.com\/?p=99239"},"modified":"2023-04-15T14:17:36","modified_gmt":"2023-04-15T17:17:36","slug":"tras-muchos-anos-de-perseguir-un-sueno-la-direccion-de-cultura-tiene-su-propia-sede","status":"publish","type":"post","link":"https:\/\/primicias2262.com\/noticias\/tras-muchos-anos-de-perseguir-un-sueno-la-direccion-de-cultura-tiene-su-propia-sede\/","title":{"rendered":"Tras muchos a\u00f1os de perseguir un sue\u00f1o, la Direcci\u00f3n de Cultura tiene su propia sede"},"content":{"rendered":"<p><strong>Un momento especial para todo el distrito de Necochea se vivi\u00f3 esta tarde con la tan ansiada inauguraci\u00f3n de la nueva y definitiva sede de la Direcci\u00f3n de Cultura de la comuna, que desde hoy tendr\u00e1 casa propia en un edificio anexo a la Escuela Municipal de Artes, gracias al impulso del Departamento Ejecutivo y a trav\u00e9s de la decisi\u00f3n pol\u00edtica del intendente Arturo Rojas.<\/strong><\/p>\n<p>Embellecida con luces de colores y la impronta de una decena de artistas que engalanaron con su destreza el evento, as\u00ed fue el recibimiento de cientos de vecinos y autoridades que se fueron acercando a medida que ca\u00eda la noche para disfrutar de este hito para la cultura local.<\/p>\n<p><a href=\"https:\/\/primicias2262.com\/wp-content\/uploads\/2023\/04\/14-04-FOTO-Tapa-Rojas-Gamba-Inauguracion-Cultura-03.jpeg\"><img loading=\"lazy\" decoding=\"async\" class=\"aligncenter size-full wp-image-99244\" src=\"https:\/\/primicias2262.com\/wp-content\/uploads\/2023\/04\/14-04-FOTO-Tapa-Rojas-Gamba-Inauguracion-Cultura-03.jpeg\" alt=\"\" width=\"1600\" height=\"1066\" \/><\/a><\/p>\n<p>El corte de cintas, encargado al Jefe de la comuna y al titular del \u00e1rea benefactora, Juan Gamba, fue el gui\u00f1o perfecto para darle paso al descubrimiento de una placa de fundaci\u00f3n en las puertas de la flamante construcci\u00f3n y a la bendici\u00f3n del padre Mario Fern\u00e1ndez. Luego vinieron los discursos, y tambi\u00e9n la emoci\u00f3n.<\/p>\n<p>\u00abLo primero que quiero hacer es agradecer a todo mi equipo, a los que han trabajado para desarrollar y ejecutar el proyecto, y, por sobre todas las cosas, a Juan (Gamba) y a Enrique (Parisey) por el hermoso equipo de trabajo que han conformado\u201d, comenz\u00f3 diciendo el m\u00e1ximo mandatario del partido.<\/p>\n<p><a href=\"https:\/\/primicias2262.com\/wp-content\/uploads\/2023\/04\/14-04-FOTO-Tapa-Rojas-Gamba-Inauguracion-Cultura-01.jpeg\"><img loading=\"lazy\" decoding=\"async\" class=\"aligncenter size-full wp-image-99243\" src=\"https:\/\/primicias2262.com\/wp-content\/uploads\/2023\/04\/14-04-FOTO-Tapa-Rojas-Gamba-Inauguracion-Cultura-01.jpeg\" alt=\"\" width=\"1600\" height=\"1066\" \/><\/a><\/p>\n<p>Y en esa l\u00ednea, continu\u00f3: \u201cYo siempre digo que ellos son unos verdaderos genios, y no me equivoco. Cuando comenzamos la gesti\u00f3n, con muy pocos recursos hac\u00edan maravillas, y hoy estamos viendo en cada evento popular que realiza el Estado municipal c\u00f3mo van dejando su impronta\u201d.<\/p>\n<p>Luego de saludar a las autoridades eclesi\u00e1sticas y educativas, a los funcionarios y ediles, y al p\u00fablico en general, el Intendente quiso dejar en claro que, \u201ca partir de hoy, que sin lugar a dudas es un d\u00eda hist\u00f3rico, important\u00edsimo, tengo que decirles a todos los trabajadores del \u00e1rea que nunca m\u00e1s se van a tener que mover para tener una Direcci\u00f3n de Cultura\u201d.<\/p>\n<p><a href=\"https:\/\/primicias2262.com\/wp-content\/uploads\/2023\/04\/14-04-FOTO-Tapa-Rojas-Gamba-Inauguracion-Cultura-05.jpeg\"><img loading=\"lazy\" decoding=\"async\" class=\"aligncenter size-full wp-image-99245\" src=\"https:\/\/primicias2262.com\/wp-content\/uploads\/2023\/04\/14-04-FOTO-Tapa-Rojas-Gamba-Inauguracion-Cultura-05.jpeg\" alt=\"\" width=\"1600\" height=\"1066\" \/><\/a><\/p>\n<p>\u201cComo necochense les digo que siento un enorme y profundo orgullo de haber nacido en esta ciudad y, como intendente, junto a cada uno de ustedes, de poder estar inaugurando esta Direcci\u00f3n, entendiendo el verdadero sentido de lo que significa nuestra cultura, nuestra forma de vivir, que en definitiva tiene que ver con nuestra identidad\u201d, remarc\u00f3 el Jefe de la comuna.<\/p>\n<p>\u201cHoy podemos ver una obra concreta, para que cada trabajador de la cultura y cada vecino la pueda disfrutar. Ese es uno de los mayores orgullos que tengo como intendente: el de haber dado la palabra y que hoy sea una realidad\u201d, asever\u00f3 Arturo Rojas.<\/p>\n<p><a href=\"https:\/\/primicias2262.com\/wp-content\/uploads\/2023\/04\/14-04-FOTO-Placa-Rojas-Gamba-Inauguracion-Cultura-07.jpeg\"><img loading=\"lazy\" decoding=\"async\" class=\"aligncenter size-full wp-image-99242\" src=\"https:\/\/primicias2262.com\/wp-content\/uploads\/2023\/04\/14-04-FOTO-Placa-Rojas-Gamba-Inauguracion-Cultura-07.jpeg\" alt=\"\" width=\"1600\" height=\"1066\" \/><\/a><\/p>\n<p>Por su parte, Juan Gamba expres\u00f3 emocionado que \u201cc\u00f3mo no recordar viejos tiempo, mucha gente. Los chicos de Cultura, los chicos de eventos, que no van a tener que pulular nunca m\u00e1s. Hemos luchado infinitamente por tener esto, que se gest\u00f3 en charlas con Sandra (Antenucci), en Desarrollo, y con Mat\u00edas (Sierra) que tom\u00f3 la posta y la pudo terminar\u201d.<\/p>\n<p>\u201cEs muy fuerte el momento que se est\u00e1 viviendo para todos los artistas, para toda la gente que trabaja en cultura. C\u00f3mo no voy a estar chocho, c\u00f3mo quieren que no me emocione\u201d, dijo entre los aplausos c\u00f3mplices del p\u00fablico presente. \u201cEsto es el resultado de todos mis antecesores, de todos los directores que quer\u00edan tener un espacio propio, y de Arturo, quien hoy nos est\u00e1 demostrando que lo que promete lo cumple\u201d.<\/p>\n<p><a href=\"https:\/\/primicias2262.com\/wp-content\/uploads\/2023\/04\/14-04-FOTO-Discurso-Gamba-Inauguracion-Cultura-08.jpeg\"><img loading=\"lazy\" decoding=\"async\" class=\"aligncenter size-full wp-image-99241\" src=\"https:\/\/primicias2262.com\/wp-content\/uploads\/2023\/04\/14-04-FOTO-Discurso-Gamba-Inauguracion-Cultura-08.jpeg\" alt=\"\" width=\"1600\" height=\"1066\" \/><\/a><\/p>\n","protected":false},"excerpt":{"rendered":"<p>Un momento especial para todo el distrito de Necochea se vivi\u00f3 esta tarde con la tan ansiada inauguraci\u00f3n de la nueva y definitiva sede de la Direcci\u00f3n de Cultura de la comuna, que desde hoy tendr\u00e1 casa propia en un edificio anexo a la Escuela Municipal de Artes, gracias al impulso del Departamento Ejecutivo y [&hellip;]<\/p>\n","protected":false},"author":3,"featured_media":99240,"comment_status":"closed","ping_status":"closed","sticky":false,"template":"","format":"standard","meta":{"footnotes":""},"categories":[3],"tags":[],"class_list":["post-99239","post","type-post","status-publish","format-standard","has-post-thumbnail","category-masnoticias"],"_links":{"self":[{"href":"https:\/\/primicias2262.com\/noticias\/wp-json\/wp\/v2\/posts\/99239","targetHints":{"allow":["GET"]}}],"collection":[{"href":"https:\/\/primicias2262.com\/noticias\/wp-json\/wp\/v2\/posts"}],"about":[{"href":"https:\/\/primicias2262.com\/noticias\/wp-json\/wp\/v2\/types\/post"}],"author":[{"embeddable":true,"href":"https:\/\/primicias2262.com\/noticias\/wp-json\/wp\/v2\/users\/3"}],"replies":[{"embeddable":true,"href":"https:\/\/primicias2262.com\/noticias\/wp-json\/wp\/v2\/comments?post=99239"}],"version-history":[{"count":0,"href":"https:\/\/primicias2262.com\/noticias\/wp-json\/wp\/v2\/posts\/99239\/revisions"}],"wp:attachment":[{"href":"https:\/\/primicias2262.com\/noticias\/wp-json\/wp\/v2\/media?parent=99239"}],"wp:term":[{"taxonomy":"category","embeddable":true,"href":"https:\/\/primicias2262.com\/noticias\/wp-json\/wp\/v2\/categories?post=99239"},{"taxonomy":"post_tag","embeddable":true,"href":"https:\/\/primicias2262.com\/noticias\/wp-json\/wp\/v2\/tags?post=99239"}],"curies":[{"name":"wp","href":"https:\/\/api.w.org\/{rel}","templated":true}]}}