{"id":99249,"date":"2023-04-15T14:38:52","date_gmt":"2023-04-15T17:38:52","guid":{"rendered":"https:\/\/primicias2262.com\/?p=99249"},"modified":"2023-04-15T14:38:52","modified_gmt":"2023-04-15T17:38:52","slug":"se-abrio-el-periodo-para-que-prestadores-turisticos-se-anoten-en-el-previaje-4","status":"publish","type":"post","link":"https:\/\/primicias2262.com\/noticias\/se-abrio-el-periodo-para-que-prestadores-turisticos-se-anoten-en-el-previaje-4\/","title":{"rendered":"Se abri\u00f3 el periodo para que prestadores tur\u00edsticos se anoten en el PreViaje 4"},"content":{"rendered":"<p><strong>Aunque se haya participado en ediciones anteriores se aclar\u00f3 que la inscripci\u00f3n es obligatoria y hay tiempo de hacerla hasta el viernes de la semana venidera, inclusive.<\/strong><\/p>\n<p>La Secretar\u00eda de Turismo y Desarrollo Productivo informa que este viernes 14 de abril comenz\u00f3 la inscripci\u00f3n de prestadores tur\u00edsticos interesados en participar del programa nacional PreViaje 4. El per\u00edodo de registro se extender\u00e1 hasta el 21 de abril , inclusive, durante las 24 horas, a trav\u00e9s de\u00a0<a href=\"http:\/\/www.previaje.gob.ar\/\">www.previaje.gob.ar<\/a>\u00a0ingresando a \u201csoy prestador\u201d.<\/p>\n<p>Se destaca que la inscripci\u00f3n es obligatoria, aunque se haya participado en otras ediciones, y pueden participar aquellos inscriptos ante AFIP en alguna de las actividades que se detallan en las bases del programa.<\/p>\n<p><a href=\"https:\/\/primicias2262.com\/wp-content\/uploads\/2023\/04\/FLYER-PREVIAJE.jpg\"><img loading=\"lazy\" decoding=\"async\" class=\"aligncenter size-full wp-image-99250\" src=\"https:\/\/primicias2262.com\/wp-content\/uploads\/2023\/04\/FLYER-PREVIAJE.jpg\" alt=\"\" width=\"1080\" height=\"1080\" \/><\/a><\/p>\n<div class=\"wp-block-media-text alignwide is-stacked-on-mobile\">\n<div class=\"wp-block-media-text__content\">\n<p>En el caso de alojamientos, deben estar adheridos al Acta Acuerdo de Precios a trav\u00e9s de la cual se establecen tarifas m\u00e1ximas para la comercializaci\u00f3n. (La adhesi\u00f3n se realiza en el apartado \u201cacuerdos\u201d del Portal de Autogesti\u00f3n de la Secretar\u00eda de Comercio).<\/p>\n<p>Desde esta Secretar\u00eda encabezada por Mat\u00edas Sierra, se ampl\u00eda adem\u00e1s que en la p\u00e1gina de Previaje, se encuentra un video instructivo para poder inscribirse y, en caso de dudas o consultas pueden comunicarse al 0810-555-6100 o al (11) 4312-5994.<\/p>\n<\/div>\n<\/div>\n<p>PreViaje es un programa nacional que tiene la finalidad de fortalecer la actividad tur\u00edstica en temporada baja, estimulando la compra anticipada de servicios tur\u00edsticos nacionales mediante el otorgamiento de un cr\u00e9dito equivalente del 50% al 70% del gasto de consumo realizado. Se acceder\u00e1 a dicho beneficio a trav\u00e9s de una tarjeta precargada para su utilizaci\u00f3n en la cadena tur\u00edstica nacional.<\/p>\n<p>Las compras anticipadas incluyen paquetes tur\u00edsticos comercializados a trav\u00e9s de agencias de viajes, alojamiento, transporte nacional terrestre de larga distancia y\/o a\u00e9reo de cabotaje, entre otros. Est\u00e1n alcanzadas aquellas compras realizadas entre el 19 y el 25 de abril para realizar viajes entre el 24 de mayo y el 30 de junio de 2023.<\/p>\n","protected":false},"excerpt":{"rendered":"<p>Aunque se haya participado en ediciones anteriores se aclar\u00f3 que la inscripci\u00f3n es obligatoria y hay tiempo de hacerla hasta el viernes de la semana venidera, inclusive. La Secretar\u00eda de Turismo y Desarrollo Productivo informa que este viernes 14 de abril comenz\u00f3 la inscripci\u00f3n de prestadores tur\u00edsticos interesados en participar del programa nacional PreViaje 4. [&hellip;]<\/p>\n","protected":false},"author":3,"featured_media":77267,"comment_status":"closed","ping_status":"closed","sticky":false,"template":"","format":"standard","meta":{"footnotes":""},"categories":[3],"tags":[],"class_list":["post-99249","post","type-post","status-publish","format-standard","has-post-thumbnail","category-masnoticias"],"_links":{"self":[{"href":"https:\/\/primicias2262.com\/noticias\/wp-json\/wp\/v2\/posts\/99249","targetHints":{"allow":["GET"]}}],"collection":[{"href":"https:\/\/primicias2262.com\/noticias\/wp-json\/wp\/v2\/posts"}],"about":[{"href":"https:\/\/primicias2262.com\/noticias\/wp-json\/wp\/v2\/types\/post"}],"author":[{"embeddable":true,"href":"https:\/\/primicias2262.com\/noticias\/wp-json\/wp\/v2\/users\/3"}],"replies":[{"embeddable":true,"href":"https:\/\/primicias2262.com\/noticias\/wp-json\/wp\/v2\/comments?post=99249"}],"version-history":[{"count":0,"href":"https:\/\/primicias2262.com\/noticias\/wp-json\/wp\/v2\/posts\/99249\/revisions"}],"wp:attachment":[{"href":"https:\/\/primicias2262.com\/noticias\/wp-json\/wp\/v2\/media?parent=99249"}],"wp:term":[{"taxonomy":"category","embeddable":true,"href":"https:\/\/primicias2262.com\/noticias\/wp-json\/wp\/v2\/categories?post=99249"},{"taxonomy":"post_tag","embeddable":true,"href":"https:\/\/primicias2262.com\/noticias\/wp-json\/wp\/v2\/tags?post=99249"}],"curies":[{"name":"wp","href":"https:\/\/api.w.org\/{rel}","templated":true}]}}