{"id":99257,"date":"2023-04-17T10:06:03","date_gmt":"2023-04-17T13:06:03","guid":{"rendered":"https:\/\/primicias2262.com\/?p=99257"},"modified":"2023-04-17T10:06:03","modified_gmt":"2023-04-17T13:06:03","slug":"preocupa-la-cantidad-de-casos-de-sifilis-y-la-falta-de-educacion-para-prevenirla","status":"publish","type":"post","link":"https:\/\/primicias2262.com\/noticias\/preocupa-la-cantidad-de-casos-de-sifilis-y-la-falta-de-educacion-para-prevenirla\/","title":{"rendered":"Preocupa la cantidad de casos de s\u00edfilis y la falta de educaci\u00f3n para prevenirla"},"content":{"rendered":"<p><strong>La infect\u00f3loga Bel\u00e9n Irungaray se\u00f1al\u00f3 con preocupaci\u00f3n en \u201cVoces de la Ciudad\u201d que nunca haber casos, los cuales en su mayor\u00eda se dan en edades cada vez m\u00e1s j\u00f3venes, quienes cuando acuden a atenderse dicen desconocer m\u00e9todos de protecci\u00f3n.<\/strong><\/p>\n<p>Ante la consulta del periodista Jorge G\u00f3mez sobre la preocupante cantidad de casos de s\u00edfilis en la ciudad y la falta de informaci\u00f3n para prevenirla, la profesional mencion\u00f3 que \u201clo preocupante es que nunca deja de haber casos, estamos teniendo la menos tres por semana, e incluso embarazadas con s\u00edfilis y hemos tenido desgraciadamente alg\u00fan beb\u00e9 muerto adentro de la panza por esta causa\u201d.<\/p>\n<p>Sin vueltas afirm\u00f3 que \u201cesto es hablar de un fracaso total de la medicina con respecto al control, la prevenci\u00f3n y la educaci\u00f3n de la gente\u201d.<\/p>\n<p>Irungaray dej\u00f3 que el sexo oral sin protecci\u00f3n es una de las formas de contagio, y por eso remarc\u00f3 concientizar y prevenir con el uso preservativo o campo de latex. \u201cHay una realidad, y es que los pacientes son grupos etarios cada vez m\u00e1s j\u00f3venes y cuando les explic\u00e1s la forma de protecci\u00f3n desconocen totalmente que el sexo oral es una fuente de contagio igual que otro tipo de contacto sexual. Entonces cuando habl\u00e1s del uso de preservativo o campo de latex te miran como diciendo \u2018de qu\u00e9 me est\u00e1s hablando\u2019, o cuando les explic\u00e1s c\u00f3mo usarlo o fabricarlo se te matan de risa\u201d.<\/p>\n<p><a href=\"https:\/\/primicias2262.com\/wp-content\/uploads\/2021\/07\/Irungaray.jpeg\"><img loading=\"lazy\" decoding=\"async\" class=\"aligncenter size-full wp-image-79136\" src=\"https:\/\/primicias2262.com\/wp-content\/uploads\/2021\/07\/Irungaray.jpeg\" alt=\"\" width=\"686\" height=\"566\" \/><\/a>En ese contexto marc\u00f3 un tema a mejorar en la educaci\u00f3n: \u201cEn las campa\u00f1as, que est\u00e1n buen\u00edsimas, siempre hablamos de diagn\u00f3stico pero por qu\u00e9 no hacer un freno y educamos a la gente para que tengan su sexualidad libre y sin riesgo, ah\u00ed es donde tenemos que actuar y siempre estamos atr\u00e1s, lo seguimos viendo a diario y desgraciadamente no hay educaci\u00f3n\u201d, para ampliar que \u201chay que educar y tienen que hacerlo aquellas personas que m\u00e1s llegada tienen a la poblaci\u00f3n, no tienen que ser m\u00e9dicos necesariamente, sino que cualquiera se puede capacitar para educar, porque si no siempre estamos en el testeo r\u00e1pido, estamos tarde\u201d.<\/p>\n<p><a href=\"https:\/\/primicias2262.com\/wp-content\/uploads\/2023\/04\/sifilis.jpg\"><img loading=\"lazy\" decoding=\"async\" class=\"alignleft size-medium wp-image-99288\" src=\"https:\/\/primicias2262.com\/wp-content\/uploads\/2023\/04\/sifilis-264x300.jpg\" alt=\"\" width=\"264\" height=\"300\" \/><\/a>Vale recordar que la s\u00edfilis es inherente al sexo y a la edad, es una enfermedad muy vieja, pero \u201cdesgraciadamente seguimos igual, ha provocado muertes y hasta locuras en personas conocidas\u201d, acot\u00f3 Irungaray.<\/p>\n<p>Finalmente, Bel\u00e9n volvi\u00f3 a insistir en el concepto de la educaci\u00f3n: \u201cAs\u00ed como hay un cuidado masivo del anticonceptivo, tenemos que reforzar el cuidado del uso de preservativo y del campo de latex para el sexo oral, hay que trabajar en todos los temas, ac\u00e1 no hay tab\u00fa, hay que disfrutar, educarse y protegerse\u201d.<\/p>\n","protected":false},"excerpt":{"rendered":"<p>La infect\u00f3loga Bel\u00e9n Irungaray se\u00f1al\u00f3 con preocupaci\u00f3n en \u201cVoces de la Ciudad\u201d que nunca haber casos, los cuales en su mayor\u00eda se dan en edades cada vez m\u00e1s j\u00f3venes, quienes cuando acuden a atenderse dicen desconocer m\u00e9todos de protecci\u00f3n. Ante la consulta del periodista Jorge G\u00f3mez sobre la preocupante cantidad de casos de s\u00edfilis en [&hellip;]<\/p>\n","protected":false},"author":3,"featured_media":99270,"comment_status":"closed","ping_status":"closed","sticky":false,"template":"","format":"standard","meta":{"footnotes":""},"categories":[3],"tags":[],"class_list":["post-99257","post","type-post","status-publish","format-standard","has-post-thumbnail","category-masnoticias"],"_links":{"self":[{"href":"https:\/\/primicias2262.com\/noticias\/wp-json\/wp\/v2\/posts\/99257","targetHints":{"allow":["GET"]}}],"collection":[{"href":"https:\/\/primicias2262.com\/noticias\/wp-json\/wp\/v2\/posts"}],"about":[{"href":"https:\/\/primicias2262.com\/noticias\/wp-json\/wp\/v2\/types\/post"}],"author":[{"embeddable":true,"href":"https:\/\/primicias2262.com\/noticias\/wp-json\/wp\/v2\/users\/3"}],"replies":[{"embeddable":true,"href":"https:\/\/primicias2262.com\/noticias\/wp-json\/wp\/v2\/comments?post=99257"}],"version-history":[{"count":0,"href":"https:\/\/primicias2262.com\/noticias\/wp-json\/wp\/v2\/posts\/99257\/revisions"}],"wp:attachment":[{"href":"https:\/\/primicias2262.com\/noticias\/wp-json\/wp\/v2\/media?parent=99257"}],"wp:term":[{"taxonomy":"category","embeddable":true,"href":"https:\/\/primicias2262.com\/noticias\/wp-json\/wp\/v2\/categories?post=99257"},{"taxonomy":"post_tag","embeddable":true,"href":"https:\/\/primicias2262.com\/noticias\/wp-json\/wp\/v2\/tags?post=99257"}],"curies":[{"name":"wp","href":"https:\/\/api.w.org\/{rel}","templated":true}]}}