{"id":99258,"date":"2023-04-17T10:00:07","date_gmt":"2023-04-17T13:00:07","guid":{"rendered":"https:\/\/primicias2262.com\/?p=99258"},"modified":"2023-04-17T10:00:07","modified_gmt":"2023-04-17T13:00:07","slug":"mario-ferrari-fue-un-amigo-en-las-cuestiones-humanas-y-profesionales","status":"publish","type":"post","link":"https:\/\/primicias2262.com\/noticias\/mario-ferrari-fue-un-amigo-en-las-cuestiones-humanas-y-profesionales\/","title":{"rendered":"\u201cMario Ferrari fue un amigo en las cuestiones humanas y profesionales\u201d"},"content":{"rendered":"<p><strong>As\u00ed lo defini\u00f3 el ex Juez Luis Raffaghelli, quien dedic\u00f3 unas profundas palabras a quien en vida fuera un gran afecto para \u00e9l como el Dr. Mario Ferrari, quien falleci\u00f3 la semana anterior.<\/strong><\/p>\n<p>En di\u00e1logo telef\u00f3nico con el periodista Jorge G\u00f3mez en \u201cVoces de la Ciudad\u201d, Rafeghelli se\u00f1al\u00f3 que \u201cMario primero fue un amigo, no solo pol\u00edtico, sino en las cuestiones humanas y profesionales. Compartimos muchas cosas porque tuvimos un tr\u00e1nsito interesante desde que se recuper\u00f3 la vida democr\u00e1tica e institucional en Necochea\u201d.<\/p>\n<p>\u201cAun teniendo nuestros propios encuadramientos pol\u00edticos, el di\u00e1logo pol\u00edtico exist\u00eda, tan distinto a lo que se ve hoy en d\u00eda\u201d, aclar\u00f3, para referir que \u201cquiero recordar a Mario como un apasionado de la pol\u00edtica, un defensor de las ideas claras y del radicalismo, un tipo con el cual compart\u00edamos muchas noches y muchos d\u00edas de analizar el Derecho P\u00fablico provincial y municipal\u201d.<\/p>\n<p><a href=\"https:\/\/primicias2262.com\/wp-content\/uploads\/2023\/04\/ferrarimario.jpg\"><img loading=\"lazy\" decoding=\"async\" class=\"aligncenter size-full wp-image-99190\" src=\"https:\/\/primicias2262.com\/wp-content\/uploads\/2023\/04\/ferrarimario.jpg\" alt=\"\" width=\"700\" height=\"366\" \/><\/a>De hecho, \u201chasta estuvimos a punto de publicar un libro sobre el Derecho P\u00fablico provincial y municipal, incluso hicimos varios borradores all\u00e1 por los \u201990 y por esas cosas de la vida no se pudo\u201d, rememor\u00f3, para expresar que \u201ces una gran p\u00e9rdida la de Mario y saludo mucho a sus afectos, en especial a su hijo Ignacio\u201d.<\/p>\n<p>Finalmente, Raffaghelli pronunci\u00f3 que \u201cson muchos a\u00f1os de relaci\u00f3n, tuve mucha cercan\u00eda con \u00e9l hasta que migr\u00e9 a Buenos Aires\u2026 cuando volv\u00eda lo llamaba para tomar un caf\u00e9, tuvimos mucha militancia junta, luchamos por la concreci\u00f3n del Departamento Judicial del Colegio de Abogados y tuvimos muchas actividades en el Instituto del Derecho del Trabajo\u201d.<\/p>\n","protected":false},"excerpt":{"rendered":"<p>As\u00ed lo defini\u00f3 el ex Juez Luis Raffaghelli, quien dedic\u00f3 unas profundas palabras a quien en vida fuera un gran afecto para \u00e9l como el Dr. Mario Ferrari, quien falleci\u00f3 la semana anterior. En di\u00e1logo telef\u00f3nico con el periodista Jorge G\u00f3mez en \u201cVoces de la Ciudad\u201d, Rafeghelli se\u00f1al\u00f3 que \u201cMario primero fue un amigo, no [&hellip;]<\/p>\n","protected":false},"author":3,"featured_media":99259,"comment_status":"closed","ping_status":"closed","sticky":false,"template":"","format":"standard","meta":{"footnotes":""},"categories":[3],"tags":[],"class_list":["post-99258","post","type-post","status-publish","format-standard","has-post-thumbnail","category-masnoticias"],"_links":{"self":[{"href":"https:\/\/primicias2262.com\/noticias\/wp-json\/wp\/v2\/posts\/99258","targetHints":{"allow":["GET"]}}],"collection":[{"href":"https:\/\/primicias2262.com\/noticias\/wp-json\/wp\/v2\/posts"}],"about":[{"href":"https:\/\/primicias2262.com\/noticias\/wp-json\/wp\/v2\/types\/post"}],"author":[{"embeddable":true,"href":"https:\/\/primicias2262.com\/noticias\/wp-json\/wp\/v2\/users\/3"}],"replies":[{"embeddable":true,"href":"https:\/\/primicias2262.com\/noticias\/wp-json\/wp\/v2\/comments?post=99258"}],"version-history":[{"count":0,"href":"https:\/\/primicias2262.com\/noticias\/wp-json\/wp\/v2\/posts\/99258\/revisions"}],"wp:attachment":[{"href":"https:\/\/primicias2262.com\/noticias\/wp-json\/wp\/v2\/media?parent=99258"}],"wp:term":[{"taxonomy":"category","embeddable":true,"href":"https:\/\/primicias2262.com\/noticias\/wp-json\/wp\/v2\/categories?post=99258"},{"taxonomy":"post_tag","embeddable":true,"href":"https:\/\/primicias2262.com\/noticias\/wp-json\/wp\/v2\/tags?post=99258"}],"curies":[{"name":"wp","href":"https:\/\/api.w.org\/{rel}","templated":true}]}}