{"id":99291,"date":"2023-04-17T13:39:53","date_gmt":"2023-04-17T16:39:53","guid":{"rendered":"https:\/\/primicias2262.com\/?p=99291"},"modified":"2023-04-17T13:39:53","modified_gmt":"2023-04-17T16:39:53","slug":"turismo-y-produccion-sierra-anuncio-eventos-de-fin-de-abril-y-confirmo-la-llegada-de-una-maltera-a-la-ciudad","status":"publish","type":"post","link":"https:\/\/primicias2262.com\/noticias\/turismo-y-produccion-sierra-anuncio-eventos-de-fin-de-abril-y-confirmo-la-llegada-de-una-maltera-a-la-ciudad\/","title":{"rendered":"Turismo y producci\u00f3n: Sierra anunci\u00f3 eventos de fin de abril y confirm\u00f3 la llegada de una maltera a la ciudad"},"content":{"rendered":"<p><strong>Habiendo pasado el verano, el sector tur\u00edstico y productivo ya piensa en la temporada baja y en ese sentido el secretario de dicha cartera municipal hizo importantes anuncios en \u201cVoces de la Ciudad\u201d, tanto para el mediano como el largo plazo.<\/strong><\/p>\n<p>Al ser consultado por el periodista Jorge G\u00f3mez, Mat\u00edas Sierra cont\u00f3 primeramente que \u201chicimos una convocatoria a unos 75 prestadores con la idea de hacer un balance de temporada con los n\u00fameros crudos, con cosas buenas y otras no tanto, y con la idea de generar una vinculaci\u00f3n que vamos a trabajar y tratar de reforzar entre los privados, no solo el \u00a0privado con el p\u00fablico\u201d.<\/p>\n<p>\u201cSe dieron estad\u00edsticas y fue una linda jornada, con varias cosas para mejorar, la cantidad de gente que tuvimos en la temporada fue buena, aunque no tanto as\u00ed el consumo\u201d, reflej\u00f3, para asegurar que ya hay que ir trabajando en estos tres meses antes de las vacaciones de invierno, \u201cque es la temporada m\u00e1s baja que la ciudad tiene, porque ya despu\u00e9s de julio empieza como a rodar en piloto autom\u00e1tico y ya hay muchos eventos confirmados para el segundo semestre\u201d.<\/p>\n<p>Respecto al corto plazo, el secretario record\u00f3 que el \u00faltimo fin de semana de abril ser\u00e1 el Arena Series, la prueba de enduro en Costa Bonita, tanto el s\u00e1bado el 29 como el domingo 30, justo el mismo fin de semana que se har\u00e1 la traves\u00eda a M\u00e9dano Blanco con la gente de Cardinal Sur, actividad para la que ya hay casi 500 veh\u00edculos confirmados.<\/p>\n<p>Pero yendo m\u00e1s adelante, y al ser preguntado por si era verdad que el intendente Arturo Rojas aprovech\u00f3 el agasajo a prestadores tur\u00edsticos para anunciar la llegada de una malter\u00eda a la ciudad -cosa que habr\u00eda ca\u00eddo muy bien entre los prestadores-, Sierra afirm\u00f3 que \u201cs\u00ed as\u00ed es\u2026 es una maltera por una inversi\u00f3n de casi 140 millones de d\u00f3lares\u2026 ya est\u00e1n las tierras compradas y las escrituras, as\u00ed que si Dios quiere va a ser una realidad, en breve lo estar\u00e1 anunciando el Intendente\u201d.<\/p>\n<p>En el mismo tren de las buenas noticias, Sierra comunic\u00f3 que mejorar\u00e1 considerablemente el programa de viajes de egresados hacia Necochea. \u201cEl jueves nos lleg\u00f3 de Provincia que la empresa que participar\u00e1 de los viajes de egresados licit\u00f3 por 15 mil chicos que estar\u00e1n viniendo entre el 1\u00ba de agosto y el 30 de octubre. El a\u00f1o pasado fueron 3500 chicos, ahora ser\u00e1n 15 mil y tenemos que estar a la altura para tal circunstancia. Es una alegr\u00eda muy grande porque son muchas personas que vendr\u00e1n a la ciudad\u201d.<\/p>\n<p>En tanto, el funcionario cerr\u00f3 la comunicaci\u00f3n anticipando que \u201cestamos trabajando un proyecto que es m\u00e1s que ambicioso para todo el sector de la Villa Balnearia y vamos a buscar la financiaci\u00f3n para meterlo en 2024. Es una obra integral que incluye a la 83, a la 4 de 79 a 89\u201d.<\/p>\n","protected":false},"excerpt":{"rendered":"<p>Habiendo pasado el verano, el sector tur\u00edstico y productivo ya piensa en la temporada baja y en ese sentido el secretario de dicha cartera municipal hizo importantes anuncios en \u201cVoces de la Ciudad\u201d, tanto para el mediano como el largo plazo. Al ser consultado por el periodista Jorge G\u00f3mez, Mat\u00edas Sierra cont\u00f3 primeramente que \u201chicimos [&hellip;]<\/p>\n","protected":false},"author":3,"featured_media":98629,"comment_status":"closed","ping_status":"closed","sticky":false,"template":"","format":"standard","meta":{"footnotes":""},"categories":[3],"tags":[],"class_list":["post-99291","post","type-post","status-publish","format-standard","has-post-thumbnail","category-masnoticias"],"_links":{"self":[{"href":"https:\/\/primicias2262.com\/noticias\/wp-json\/wp\/v2\/posts\/99291","targetHints":{"allow":["GET"]}}],"collection":[{"href":"https:\/\/primicias2262.com\/noticias\/wp-json\/wp\/v2\/posts"}],"about":[{"href":"https:\/\/primicias2262.com\/noticias\/wp-json\/wp\/v2\/types\/post"}],"author":[{"embeddable":true,"href":"https:\/\/primicias2262.com\/noticias\/wp-json\/wp\/v2\/users\/3"}],"replies":[{"embeddable":true,"href":"https:\/\/primicias2262.com\/noticias\/wp-json\/wp\/v2\/comments?post=99291"}],"version-history":[{"count":0,"href":"https:\/\/primicias2262.com\/noticias\/wp-json\/wp\/v2\/posts\/99291\/revisions"}],"wp:attachment":[{"href":"https:\/\/primicias2262.com\/noticias\/wp-json\/wp\/v2\/media?parent=99291"}],"wp:term":[{"taxonomy":"category","embeddable":true,"href":"https:\/\/primicias2262.com\/noticias\/wp-json\/wp\/v2\/categories?post=99291"},{"taxonomy":"post_tag","embeddable":true,"href":"https:\/\/primicias2262.com\/noticias\/wp-json\/wp\/v2\/tags?post=99291"}],"curies":[{"name":"wp","href":"https:\/\/api.w.org\/{rel}","templated":true}]}}