{"id":99292,"date":"2023-04-18T10:40:45","date_gmt":"2023-04-18T13:40:45","guid":{"rendered":"https:\/\/primicias2262.com\/?p=99292"},"modified":"2023-04-18T10:40:45","modified_gmt":"2023-04-18T13:40:45","slug":"la-lengua-de-senas-argentina-ya-es-ley-una-alegria-enorme-es-una-lucha-de-muchos-anos","status":"publish","type":"post","link":"https:\/\/primicias2262.com\/noticias\/la-lengua-de-senas-argentina-ya-es-ley-una-alegria-enorme-es-una-lucha-de-muchos-anos\/","title":{"rendered":"La Lengua de Se\u00f1as Argentina ya es ley: \u201cUna alegr\u00eda enorme, es una lucha de muchos a\u00f1os\u201d"},"content":{"rendered":"<p><strong>As\u00ed lo defini\u00f3 la responsable del \u00c1rea de Discapacidad de la comuna, Camila Bianchi, al ser entrevistada por el periodista Jorge G\u00f3mez en \u201cVoces de la Ciudad\u201d, luego de que el viernes el municipio celebrara en sus redes sociales la tan ansiada informaci\u00f3n.<\/strong><\/p>\n<p>\u201cLa Lengua de Se\u00f1as Argentina ya es ley. Tiene como objetivo reconocer la LSA como una lengua natural y originaria que conforma el patrimonio cultural inmaterial de las personas sordas en todo el territorio de la Naci\u00f3n Argentina para garantizar la participaci\u00f3n y la inclusi\u00f3n plena y efectiva en sociedad\u201d, inform\u00f3 la Municipalidad.<\/p>\n<p>En tal sentido, Bianchi expres\u00f3 que \u201ces una alegr\u00eda enorme, en mi caso en particula, mi formaci\u00f3n es en torno a ni\u00f1os y ni\u00f1as con discapacidad auditiva y desde que empec\u00e9 fue lo primero que me llamaba la atenci\u00f3n, el hecho de ir a las pr\u00e1cticas de las escuelas de Educaci\u00f3n Especial a Buenos Aires espec\u00edficas de chicos y chicas sordas y que no se utilizara la Lengua de Se\u00f1as\u201d.<\/p>\n<p>Incluso, la referente rememor\u00f3 al repasar un poco de historia que \u201cpasamos de \u00e9pocas muy oscuras donde estaba prohibida la lengua de se\u00f1as, donde llegaba a haber violencia f\u00edsica para los alumnos que la utilizaban. Despu\u00e9s solo se les permit\u00eda hablar en lengua de se\u00f1as en los recreos y ac\u00e1 mismo en Necochea los adultos de m\u00e1s de 40 o 50 a\u00f1os cuentan situaciones que llegaban a atarles los brazos para que no hablen\u201d.<\/p>\n<p>Por consiguiente, \u201chay que entender a la Lengua de Se\u00f1a como el patrimonio ling\u00fc\u00edstico por el que ellos tanto luchan, es una lucha de muchos a\u00f1os, muchos de los chicos que han sido alumnos m\u00edos ahora ya son adultos y esto da un orgullo enorme\u201d, expres\u00f3 emocionada.<\/p>\n<p>No obstante, Bianchi aclar\u00f3 que si bien la ley ya tiene la aprobaci\u00f3n de Diputados y Senadores, ahora resta que se promulgue y lo que es m\u00e1s complejo todav\u00eda, \u201cva a faltar la famosa reglamentaci\u00f3n de los art\u00edculos, por ejemplo me pregunto si habr\u00e1 fondos para pagarle a docentes y talleristas y que todas las escuelas primarias y secundarias tengan Lengua de Se\u00f1a, es similar a otras leyes, el esp\u00edritu de la ley es divino, pero hay que ver el tema de fondo que son los recursos\u201d, alert\u00f3.<\/p>\n<p>Sin ir m\u00e1s lejos, asegur\u00f3 que en otros municipios que no hay int\u00e9rprete, como en Mar del Plata, donde se les hace muy dif\u00edcil costear int\u00e9rpretes para todos los eventos. As\u00ed que, \u201cque no se recaiga en que el municipio se va a tener que hacer cargo de todo, esa es mi duda\u201d, plante\u00f3.<\/p>\n<p>Para concluir, Bianchi defini\u00f3 que la de se\u00f1as \u201ces una lengua como cualquier otra, una cosa es saber lengua de se\u00f1as y otra cosa es ser int\u00e9rprete\u2026 es como saber italiano pero no saber traducir, por eso es una carrera terciaria y universitaria\u201d, y concluy\u00f3 que \u201cen la formaci\u00f3n docente a\u00fan no est\u00e1 tan abarcado el tema de la inclusi\u00f3n y discapacidad\u201d.<\/p>\n<p><a href=\"https:\/\/primicias2262.com\/wp-content\/uploads\/2023\/04\/PLACA-Ley-LSA.jpeg\"><img loading=\"lazy\" decoding=\"async\" class=\"aligncenter size-full wp-image-99296\" src=\"https:\/\/primicias2262.com\/wp-content\/uploads\/2023\/04\/PLACA-Ley-LSA.jpeg\" alt=\"\" width=\"1080\" height=\"1080\" \/><\/a><\/p>\n","protected":false},"excerpt":{"rendered":"<p>As\u00ed lo defini\u00f3 la responsable del \u00c1rea de Discapacidad de la comuna, Camila Bianchi, al ser entrevistada por el periodista Jorge G\u00f3mez en \u201cVoces de la Ciudad\u201d, luego de que el viernes el municipio celebrara en sus redes sociales la tan ansiada informaci\u00f3n. \u201cLa Lengua de Se\u00f1as Argentina ya es ley. Tiene como objetivo reconocer [&hellip;]<\/p>\n","protected":false},"author":3,"featured_media":90307,"comment_status":"closed","ping_status":"closed","sticky":false,"template":"","format":"standard","meta":{"footnotes":""},"categories":[3],"tags":[],"class_list":["post-99292","post","type-post","status-publish","format-standard","has-post-thumbnail","category-masnoticias"],"_links":{"self":[{"href":"https:\/\/primicias2262.com\/noticias\/wp-json\/wp\/v2\/posts\/99292","targetHints":{"allow":["GET"]}}],"collection":[{"href":"https:\/\/primicias2262.com\/noticias\/wp-json\/wp\/v2\/posts"}],"about":[{"href":"https:\/\/primicias2262.com\/noticias\/wp-json\/wp\/v2\/types\/post"}],"author":[{"embeddable":true,"href":"https:\/\/primicias2262.com\/noticias\/wp-json\/wp\/v2\/users\/3"}],"replies":[{"embeddable":true,"href":"https:\/\/primicias2262.com\/noticias\/wp-json\/wp\/v2\/comments?post=99292"}],"version-history":[{"count":0,"href":"https:\/\/primicias2262.com\/noticias\/wp-json\/wp\/v2\/posts\/99292\/revisions"}],"wp:attachment":[{"href":"https:\/\/primicias2262.com\/noticias\/wp-json\/wp\/v2\/media?parent=99292"}],"wp:term":[{"taxonomy":"category","embeddable":true,"href":"https:\/\/primicias2262.com\/noticias\/wp-json\/wp\/v2\/categories?post=99292"},{"taxonomy":"post_tag","embeddable":true,"href":"https:\/\/primicias2262.com\/noticias\/wp-json\/wp\/v2\/tags?post=99292"}],"curies":[{"name":"wp","href":"https:\/\/api.w.org\/{rel}","templated":true}]}}